{"id":9312,"date":"2026-03-05T08:34:07","date_gmt":"2026-03-05T13:34:07","guid":{"rendered":"https:\/\/www.flotalamacarena.com\/inicio\/?p=9312"},"modified":"2026-03-05T08:46:19","modified_gmt":"2026-03-05T13:46:19","slug":"canon-del-guejar-meta-como-llegar","status":"publish","type":"post","link":"https:\/\/www.flotalamacarena.com\/inicio\/canon-del-guejar-meta-como-llegar\/","title":{"rendered":"El Ca\u00f1\u00f3n del G\u00fc\u00e9jar: Una aventura \u00e9pica en el coraz\u00f3n del Meta"},"content":{"rendered":"","protected":false},"excerpt":{"rendered":"","protected":false},"author":3,"featured_media":9314,"comment_status":"closed","ping_status":"closed","sticky":false,"template":"","format":"standard","meta":{"_acf_changed":false,"footnotes":""},"categories":[43,162,559,285],"tags":[587,589,568,77,588,66,566,82,590,193,476,160],"class_list":["post-9312","post","type-post","status-publish","format-standard","has-post-thumbnail","hentry","category-blog","category-destinos-colombia","category-turismo-de-naturaleza-y-aventura","category-turismo-en-el-meta","tag-canon-del-guejar","tag-deportes-extremos","tag-ecoturismo","tag-flota-la-macarena","tag-mesetas","tag-meta","tag-pasajes-a-mesetas","tag-rafting","tag-rio-guejar","tag-turismo-de-aventura","tag-turismo-en-el-meta","tag-viajar-por-colombia"],"acf":[],"yoast_head":"<!-- This site is optimized with the Yoast SEO plugin v27.5 - https:\/\/yoast.com\/product\/yoast-seo-wordpress\/ -->\n<title>Ca\u00f1\u00f3n del G\u00fc\u00e9jar: Mejor temporada y c\u00f3mo llegar a Mesetas<\/title>\n<meta name=\"description\" content=\"Gu\u00eda para visitar el Ca\u00f1\u00f3n del G\u00fc\u00e9jar en Mesetas, Meta. Descubre la mejor temporada para el rafting y compra tus pasajes en Flota La Macarena.\" \/>\n<meta name=\"robots\" content=\"index, follow, max-snippet:-1, max-image-preview:large, max-video-preview:-1\" \/>\n<link rel=\"canonical\" href=\"https:\/\/www.flotalamacarena.com\/inicio\/canon-del-guejar-meta-como-llegar\/\" \/>\n<meta property=\"og:locale\" content=\"es_ES\" \/>\n<meta property=\"og:type\" content=\"article\" \/>\n<meta property=\"og:title\" content=\"\ud83c\udf0a Gu\u00eda de viaje al Ca\u00f1\u00f3n del G\u00fc\u00e9jar: Rafting en el Meta\" \/>\n<meta property=\"og:description\" content=\"\u00bfListo para la aventura? Descubre la mejor temporada para visitar el Ca\u00f1\u00f3n del G\u00fc\u00e9jar y viaja c\u00f3modo a Mesetas con Flota La Macarena. \u00a1Lee la gu\u00eda aqu\u00ed! \ud83d\udc47\" \/>\n<meta property=\"og:url\" content=\"https:\/\/www.flotalamacarena.com\/inicio\/canon-del-guejar-meta-como-llegar\/\" \/>\n<meta property=\"og:site_name\" content=\"Flota La Macarena S.A\" \/>\n<meta property=\"article:publisher\" content=\"https:\/\/www.facebook.com\/flota.lamacarenasa\/\" \/>\n<meta property=\"article:published_time\" content=\"2026-03-05T13:34:07+00:00\" \/>\n<meta property=\"article:modified_time\" content=\"2026-03-05T13:46:19+00:00\" \/>\n<meta property=\"og:image\" content=\"https:\/\/www.flotalamacarena.com\/wp-content\/uploads\/2025\/07\/Bogota-Mesetas-e1756483860726.webp\" \/>\n\t<meta property=\"og:image:width\" content=\"1000\" \/>\n\t<meta property=\"og:image:height\" content=\"722\" \/>\n\t<meta property=\"og:image:type\" content=\"image\/webp\" \/>\n<meta name=\"author\" content=\"Javier Prieto\" \/>\n<meta name=\"twitter:card\" content=\"summary_large_image\" \/>\n<meta name=\"twitter:title\" content=\"Esc\u00e1pate al Ca\u00f1\u00f3n del G\u00fc\u00e9jar: C\u00f3mo llegar y qu\u00e9 llevar \ud83c\udf92\" \/>\n<meta name=\"twitter:description\" content=\"Navega entre paredes milenarias y cascadas gigantes en Mesetas. Te contamos todo lo que necesitas saber antes de empacar. Compra tus pasajes con nosotros. \ud83d\ude8c\" \/>\n<meta name=\"twitter:image\" content=\"https:\/\/www.flotalamacarena.com\/wp-content\/uploads\/2025\/07\/Bogota-Mesetas-e1756483860726.webp\" \/>\n<meta name=\"twitter:creator\" content=\"@FlotaLaMacarena\" \/>\n<meta name=\"twitter:site\" content=\"@FlotaLaMacarena\" \/>\n<meta name=\"twitter:label1\" content=\"Escrito por\" \/>\n\t<meta name=\"twitter:data1\" content=\"Javier Prieto\" \/>\n\t<meta name=\"twitter:label2\" content=\"Tiempo de lectura\" \/>\n\t<meta name=\"twitter:data2\" content=\"1 minuto\" \/>\n<script type=\"application\/ld+json\" class=\"yoast-schema-graph\">{\"@context\":\"https:\\\/\\\/schema.org\",\"@graph\":[{\"@type\":\"Article\",\"@id\":\"https:\\\/\\\/www.flotalamacarena.com\\\/inicio\\\/canon-del-guejar-meta-como-llegar\\\/#article\",\"isPartOf\":{\"@id\":\"https:\\\/\\\/www.flotalamacarena.com\\\/inicio\\\/canon-del-guejar-meta-como-llegar\\\/\"},\"author\":{\"name\":\"Javier Prieto\",\"@id\":\"https:\\\/\\\/www.flotalamacarena.com\\\/inicio\\\/#\\\/schema\\\/person\\\/4c1a42f2560c0abd62779e7bd0868f33\"},\"headline\":\"El Ca\u00f1\u00f3n del G\u00fc\u00e9jar: Una aventura \u00e9pica en el coraz\u00f3n del Meta\",\"datePublished\":\"2026-03-05T13:34:07+00:00\",\"dateModified\":\"2026-03-05T13:46:19+00:00\",\"mainEntityOfPage\":{\"@id\":\"https:\\\/\\\/www.flotalamacarena.com\\\/inicio\\\/canon-del-guejar-meta-como-llegar\\\/\"},\"wordCount\":15,\"publisher\":{\"@id\":\"https:\\\/\\\/www.flotalamacarena.com\\\/inicio\\\/#organization\"},\"image\":{\"@id\":\"https:\\\/\\\/www.flotalamacarena.com\\\/inicio\\\/canon-del-guejar-meta-como-llegar\\\/#primaryimage\"},\"thumbnailUrl\":\"https:\\\/\\\/www.flotalamacarena.com\\\/wp-content\\\/uploads\\\/2026\\\/03\\\/canon-del-guejar.webp\",\"keywords\":[\"Ca\u00f1\u00f3n del G\u00fc\u00e9jar\",\"Deportes extremos\",\"Ecoturismo\",\"Flota La Macarena\",\"Mesetas\",\"Meta\",\"Pasajes a Mesetas\",\"rafting\",\"R\u00edo G\u00fc\u00e9jar\",\"Turismo de aventura\",\"Turismo en el Meta\",\"Viajar Por Colombia\"],\"articleSection\":[\"Blog\",\"Destinos Colombia\",\"Turismo de Naturaleza y Aventura\",\"Turismo en el Meta\"],\"inLanguage\":\"es-CO\"},{\"@type\":\"WebPage\",\"@id\":\"https:\\\/\\\/www.flotalamacarena.com\\\/inicio\\\/canon-del-guejar-meta-como-llegar\\\/\",\"url\":\"https:\\\/\\\/www.flotalamacarena.com\\\/inicio\\\/canon-del-guejar-meta-como-llegar\\\/\",\"name\":\"Ca\u00f1\u00f3n del G\u00fc\u00e9jar: Mejor temporada y c\u00f3mo llegar a Mesetas\",\"isPartOf\":{\"@id\":\"https:\\\/\\\/www.flotalamacarena.com\\\/inicio\\\/#website\"},\"primaryImageOfPage\":{\"@id\":\"https:\\\/\\\/www.flotalamacarena.com\\\/inicio\\\/canon-del-guejar-meta-como-llegar\\\/#primaryimage\"},\"image\":{\"@id\":\"https:\\\/\\\/www.flotalamacarena.com\\\/inicio\\\/canon-del-guejar-meta-como-llegar\\\/#primaryimage\"},\"thumbnailUrl\":\"https:\\\/\\\/www.flotalamacarena.com\\\/wp-content\\\/uploads\\\/2026\\\/03\\\/canon-del-guejar.webp\",\"datePublished\":\"2026-03-05T13:34:07+00:00\",\"dateModified\":\"2026-03-05T13:46:19+00:00\",\"description\":\"Gu\u00eda para visitar el Ca\u00f1\u00f3n del G\u00fc\u00e9jar en Mesetas, Meta. Descubre la mejor temporada para el rafting y compra tus pasajes en Flota La Macarena.\",\"breadcrumb\":{\"@id\":\"https:\\\/\\\/www.flotalamacarena.com\\\/inicio\\\/canon-del-guejar-meta-como-llegar\\\/#breadcrumb\"},\"inLanguage\":\"es-CO\",\"potentialAction\":[{\"@type\":\"ReadAction\",\"target\":[\"https:\\\/\\\/www.flotalamacarena.com\\\/inicio\\\/canon-del-guejar-meta-como-llegar\\\/\"]}]},{\"@type\":\"ImageObject\",\"inLanguage\":\"es-CO\",\"@id\":\"https:\\\/\\\/www.flotalamacarena.com\\\/inicio\\\/canon-del-guejar-meta-como-llegar\\\/#primaryimage\",\"url\":\"https:\\\/\\\/www.flotalamacarena.com\\\/wp-content\\\/uploads\\\/2026\\\/03\\\/canon-del-guejar.webp\",\"contentUrl\":\"https:\\\/\\\/www.flotalamacarena.com\\\/wp-content\\\/uploads\\\/2026\\\/03\\\/canon-del-guejar.webp\",\"width\":450,\"height\":280},{\"@type\":\"BreadcrumbList\",\"@id\":\"https:\\\/\\\/www.flotalamacarena.com\\\/inicio\\\/canon-del-guejar-meta-como-llegar\\\/#breadcrumb\",\"itemListElement\":[{\"@type\":\"ListItem\",\"position\":1,\"name\":\"Inicio\",\"item\":\"https:\\\/\\\/www.flotalamacarena.com\\\/inicio\\\/\"},{\"@type\":\"ListItem\",\"position\":2,\"name\":\"El Ca\u00f1\u00f3n del G\u00fc\u00e9jar: Una aventura \u00e9pica en el coraz\u00f3n del Meta\"}]},{\"@type\":\"WebSite\",\"@id\":\"https:\\\/\\\/www.flotalamacarena.com\\\/inicio\\\/#website\",\"url\":\"https:\\\/\\\/www.flotalamacarena.com\\\/inicio\\\/\",\"name\":\"Flota La Macarena S.A\",\"description\":\"\",\"publisher\":{\"@id\":\"https:\\\/\\\/www.flotalamacarena.com\\\/inicio\\\/#organization\"},\"potentialAction\":[{\"@type\":\"SearchAction\",\"target\":{\"@type\":\"EntryPoint\",\"urlTemplate\":\"https:\\\/\\\/www.flotalamacarena.com\\\/inicio\\\/?s={search_term_string}\"},\"query-input\":{\"@type\":\"PropertyValueSpecification\",\"valueRequired\":true,\"valueName\":\"search_term_string\"}}],\"inLanguage\":\"es-CO\"},{\"@type\":\"Organization\",\"@id\":\"https:\\\/\\\/www.flotalamacarena.com\\\/inicio\\\/#organization\",\"name\":\"Flota La Macarena S.A\",\"url\":\"https:\\\/\\\/www.flotalamacarena.com\\\/inicio\\\/\",\"logo\":{\"@type\":\"ImageObject\",\"inLanguage\":\"es-CO\",\"@id\":\"https:\\\/\\\/www.flotalamacarena.com\\\/inicio\\\/#\\\/schema\\\/logo\\\/image\\\/\",\"url\":\"https:\\\/\\\/www.flotalamacarena.com\\\/wp-content\\\/uploads\\\/2024\\\/03\\\/LOGO_FLM.png\",\"contentUrl\":\"https:\\\/\\\/www.flotalamacarena.com\\\/wp-content\\\/uploads\\\/2024\\\/03\\\/LOGO_FLM.png\",\"width\":450,\"height\":167,\"caption\":\"Flota La Macarena S.A\"},\"image\":{\"@id\":\"https:\\\/\\\/www.flotalamacarena.com\\\/inicio\\\/#\\\/schema\\\/logo\\\/image\\\/\"},\"sameAs\":[\"https:\\\/\\\/www.facebook.com\\\/flota.lamacarenasa\\\/\",\"https:\\\/\\\/x.com\\\/FlotaLaMacarena\",\"https:\\\/\\\/www.youtube.com\\\/@flotalamacarena6335\",\"https:\\\/\\\/www.instagram.com\\\/flota_la_macarena\\\/\",\"https:\\\/\\\/www.linkedin.com\\\/company\\\/flota-la-macarena-s-a\\\/\"]},{\"@type\":\"Person\",\"@id\":\"https:\\\/\\\/www.flotalamacarena.com\\\/inicio\\\/#\\\/schema\\\/person\\\/4c1a42f2560c0abd62779e7bd0868f33\",\"name\":\"Javier Prieto\",\"url\":\"https:\\\/\\\/www.flotalamacarena.com\\\/inicio\\\/author\\\/mastersite\\\/\"}]}<\/script>\n<!-- \/ Yoast SEO plugin. -->","yoast_head_json":{"title":"Ca\u00f1\u00f3n del G\u00fc\u00e9jar: Mejor temporada y c\u00f3mo llegar a Mesetas","description":"Gu\u00eda para visitar el Ca\u00f1\u00f3n del G\u00fc\u00e9jar en Mesetas, Meta. Descubre la mejor temporada para el rafting y compra tus pasajes en Flota La Macarena.","robots":{"index":"index","follow":"follow","max-snippet":"max-snippet:-1","max-image-preview":"max-image-preview:large","max-video-preview":"max-video-preview:-1"},"canonical":"https:\/\/www.flotalamacarena.com\/inicio\/canon-del-guejar-meta-como-llegar\/","og_locale":"es_ES","og_type":"article","og_title":"\ud83c\udf0a Gu\u00eda de viaje al Ca\u00f1\u00f3n del G\u00fc\u00e9jar: Rafting en el Meta","og_description":"\u00bfListo para la aventura? Descubre la mejor temporada para visitar el Ca\u00f1\u00f3n del G\u00fc\u00e9jar y viaja c\u00f3modo a Mesetas con Flota La Macarena. \u00a1Lee la gu\u00eda aqu\u00ed! \ud83d\udc47","og_url":"https:\/\/www.flotalamacarena.com\/inicio\/canon-del-guejar-meta-como-llegar\/","og_site_name":"Flota La Macarena S.A","article_publisher":"https:\/\/www.facebook.com\/flota.lamacarenasa\/","article_published_time":"2026-03-05T13:34:07+00:00","article_modified_time":"2026-03-05T13:46:19+00:00","og_image":[{"width":1000,"height":722,"url":"https:\/\/www.flotalamacarena.com\/wp-content\/uploads\/2025\/07\/Bogota-Mesetas-e1756483860726.webp","type":"image\/webp"}],"author":"Javier Prieto","twitter_card":"summary_large_image","twitter_title":"Esc\u00e1pate al Ca\u00f1\u00f3n del G\u00fc\u00e9jar: C\u00f3mo llegar y qu\u00e9 llevar \ud83c\udf92","twitter_description":"Navega entre paredes milenarias y cascadas gigantes en Mesetas. Te contamos todo lo que necesitas saber antes de empacar. Compra tus pasajes con nosotros. \ud83d\ude8c","twitter_image":"https:\/\/www.flotalamacarena.com\/wp-content\/uploads\/2025\/07\/Bogota-Mesetas-e1756483860726.webp","twitter_creator":"@FlotaLaMacarena","twitter_site":"@FlotaLaMacarena","twitter_misc":{"Escrito por":"Javier Prieto","Tiempo de lectura":"1 minuto"},"schema":{"@context":"https:\/\/schema.org","@graph":[{"@type":"Article","@id":"https:\/\/www.flotalamacarena.com\/inicio\/canon-del-guejar-meta-como-llegar\/#article","isPartOf":{"@id":"https:\/\/www.flotalamacarena.com\/inicio\/canon-del-guejar-meta-como-llegar\/"},"author":{"name":"Javier Prieto","@id":"https:\/\/www.flotalamacarena.com\/inicio\/#\/schema\/person\/4c1a42f2560c0abd62779e7bd0868f33"},"headline":"El Ca\u00f1\u00f3n del G\u00fc\u00e9jar: Una aventura \u00e9pica en el coraz\u00f3n del Meta","datePublished":"2026-03-05T13:34:07+00:00","dateModified":"2026-03-05T13:46:19+00:00","mainEntityOfPage":{"@id":"https:\/\/www.flotalamacarena.com\/inicio\/canon-del-guejar-meta-como-llegar\/"},"wordCount":15,"publisher":{"@id":"https:\/\/www.flotalamacarena.com\/inicio\/#organization"},"image":{"@id":"https:\/\/www.flotalamacarena.com\/inicio\/canon-del-guejar-meta-como-llegar\/#primaryimage"},"thumbnailUrl":"https:\/\/www.flotalamacarena.com\/wp-content\/uploads\/2026\/03\/canon-del-guejar.webp","keywords":["Ca\u00f1\u00f3n del G\u00fc\u00e9jar","Deportes extremos","Ecoturismo","Flota La Macarena","Mesetas","Meta","Pasajes a Mesetas","rafting","R\u00edo G\u00fc\u00e9jar","Turismo de aventura","Turismo en el Meta","Viajar Por Colombia"],"articleSection":["Blog","Destinos Colombia","Turismo de Naturaleza y Aventura","Turismo en el Meta"],"inLanguage":"es-CO"},{"@type":"WebPage","@id":"https:\/\/www.flotalamacarena.com\/inicio\/canon-del-guejar-meta-como-llegar\/","url":"https:\/\/www.flotalamacarena.com\/inicio\/canon-del-guejar-meta-como-llegar\/","name":"Ca\u00f1\u00f3n del G\u00fc\u00e9jar: Mejor temporada y c\u00f3mo llegar a Mesetas","isPartOf":{"@id":"https:\/\/www.flotalamacarena.com\/inicio\/#website"},"primaryImageOfPage":{"@id":"https:\/\/www.flotalamacarena.com\/inicio\/canon-del-guejar-meta-como-llegar\/#primaryimage"},"image":{"@id":"https:\/\/www.flotalamacarena.com\/inicio\/canon-del-guejar-meta-como-llegar\/#primaryimage"},"thumbnailUrl":"https:\/\/www.flotalamacarena.com\/wp-content\/uploads\/2026\/03\/canon-del-guejar.webp","datePublished":"2026-03-05T13:34:07+00:00","dateModified":"2026-03-05T13:46:19+00:00","description":"Gu\u00eda para visitar el Ca\u00f1\u00f3n del G\u00fc\u00e9jar en Mesetas, Meta. Descubre la mejor temporada para el rafting y compra tus pasajes en Flota La Macarena.","breadcrumb":{"@id":"https:\/\/www.flotalamacarena.com\/inicio\/canon-del-guejar-meta-como-llegar\/#breadcrumb"},"inLanguage":"es-CO","potentialAction":[{"@type":"ReadAction","target":["https:\/\/www.flotalamacarena.com\/inicio\/canon-del-guejar-meta-como-llegar\/"]}]},{"@type":"ImageObject","inLanguage":"es-CO","@id":"https:\/\/www.flotalamacarena.com\/inicio\/canon-del-guejar-meta-como-llegar\/#primaryimage","url":"https:\/\/www.flotalamacarena.com\/wp-content\/uploads\/2026\/03\/canon-del-guejar.webp","contentUrl":"https:\/\/www.flotalamacarena.com\/wp-content\/uploads\/2026\/03\/canon-del-guejar.webp","width":450,"height":280},{"@type":"BreadcrumbList","@id":"https:\/\/www.flotalamacarena.com\/inicio\/canon-del-guejar-meta-como-llegar\/#breadcrumb","itemListElement":[{"@type":"ListItem","position":1,"name":"Inicio","item":"https:\/\/www.flotalamacarena.com\/inicio\/"},{"@type":"ListItem","position":2,"name":"El Ca\u00f1\u00f3n del G\u00fc\u00e9jar: Una aventura \u00e9pica en el coraz\u00f3n del Meta"}]},{"@type":"WebSite","@id":"https:\/\/www.flotalamacarena.com\/inicio\/#website","url":"https:\/\/www.flotalamacarena.com\/inicio\/","name":"Flota La Macarena S.A","description":"","publisher":{"@id":"https:\/\/www.flotalamacarena.com\/inicio\/#organization"},"potentialAction":[{"@type":"SearchAction","target":{"@type":"EntryPoint","urlTemplate":"https:\/\/www.flotalamacarena.com\/inicio\/?s={search_term_string}"},"query-input":{"@type":"PropertyValueSpecification","valueRequired":true,"valueName":"search_term_string"}}],"inLanguage":"es-CO"},{"@type":"Organization","@id":"https:\/\/www.flotalamacarena.com\/inicio\/#organization","name":"Flota La Macarena S.A","url":"https:\/\/www.flotalamacarena.com\/inicio\/","logo":{"@type":"ImageObject","inLanguage":"es-CO","@id":"https:\/\/www.flotalamacarena.com\/inicio\/#\/schema\/logo\/image\/","url":"https:\/\/www.flotalamacarena.com\/wp-content\/uploads\/2024\/03\/LOGO_FLM.png","contentUrl":"https:\/\/www.flotalamacarena.com\/wp-content\/uploads\/2024\/03\/LOGO_FLM.png","width":450,"height":167,"caption":"Flota La Macarena S.A"},"image":{"@id":"https:\/\/www.flotalamacarena.com\/inicio\/#\/schema\/logo\/image\/"},"sameAs":["https:\/\/www.facebook.com\/flota.lamacarenasa\/","https:\/\/x.com\/FlotaLaMacarena","https:\/\/www.youtube.com\/@flotalamacarena6335","https:\/\/www.instagram.com\/flota_la_macarena\/","https:\/\/www.linkedin.com\/company\/flota-la-macarena-s-a\/"]},{"@type":"Person","@id":"https:\/\/www.flotalamacarena.com\/inicio\/#\/schema\/person\/4c1a42f2560c0abd62779e7bd0868f33","name":"Javier Prieto","url":"https:\/\/www.flotalamacarena.com\/inicio\/author\/mastersite\/"}]}},"_links":{"self":[{"href":"https:\/\/www.flotalamacarena.com\/inicio\/wp-json\/wp\/v2\/posts\/9312","targetHints":{"allow":["GET"]}}],"collection":[{"href":"https:\/\/www.flotalamacarena.com\/inicio\/wp-json\/wp\/v2\/posts"}],"about":[{"href":"https:\/\/www.flotalamacarena.com\/inicio\/wp-json\/wp\/v2\/types\/post"}],"author":[{"embeddable":true,"href":"https:\/\/www.flotalamacarena.com\/inicio\/wp-json\/wp\/v2\/users\/3"}],"replies":[{"embeddable":true,"href":"https:\/\/www.flotalamacarena.com\/inicio\/wp-json\/wp\/v2\/comments?post=9312"}],"version-history":[{"count":1,"href":"https:\/\/www.flotalamacarena.com\/inicio\/wp-json\/wp\/v2\/posts\/9312\/revisions"}],"predecessor-version":[{"id":9313,"href":"https:\/\/www.flotalamacarena.com\/inicio\/wp-json\/wp\/v2\/posts\/9312\/revisions\/9313"}],"wp:featuredmedia":[{"embeddable":true,"href":"https:\/\/www.flotalamacarena.com\/inicio\/wp-json\/wp\/v2\/media\/9314"}],"wp:attachment":[{"href":"https:\/\/www.flotalamacarena.com\/inicio\/wp-json\/wp\/v2\/media?parent=9312"}],"wp:term":[{"taxonomy":"category","embeddable":true,"href":"https:\/\/www.flotalamacarena.com\/inicio\/wp-json\/wp\/v2\/categories?post=9312"},{"taxonomy":"post_tag","embeddable":true,"href":"https:\/\/www.flotalamacarena.com\/inicio\/wp-json\/wp\/v2\/tags?post=9312"}],"curies":[{"name":"wp","href":"https:\/\/api.w.org\/{rel}","templated":true}]}}