{"id":7835,"date":"2025-11-13T15:21:46","date_gmt":"2025-11-13T20:21:46","guid":{"rendered":"https:\/\/www.flotalamacarena.com\/inicio\/?p=7835"},"modified":"2025-11-13T15:57:44","modified_gmt":"2025-11-13T20:57:44","slug":"programacion-del-festival-de-la-palma-y-la-guaratara-en-san-carlos-de-guaroa","status":"publish","type":"post","link":"https:\/\/www.flotalamacarena.com\/inicio\/programacion-del-festival-de-la-palma-y-la-guaratara-en-san-carlos-de-guaroa\/","title":{"rendered":"\u00a1La fiesta es en San Carlos de Guaroa! Conoce la programaci\u00f3n oficial del Festival de la Palma y la Guaratara 2025"},"content":{"rendered":"","protected":false},"excerpt":{"rendered":"","protected":false},"author":3,"featured_media":7843,"comment_status":"closed","ping_status":"closed","sticky":false,"template":"","format":"standard","meta":{"_acf_changed":false,"footnotes":""},"categories":[43,180,153,57,105,140,285],"tags":[478,475,474,473,480,77,481,477,479,472,476,482],"class_list":["post-7835","post","type-post","status-publish","format-standard","has-post-thumbnail","hentry","category-blog","category-destinos-flota-la-macarena","category-destinos-recomendados","category-ferias-y-fiestas","category-llanos-orientales","category-musica-y-cultura","category-turismo-en-el-meta","tag-alzate","tag-elder-dayan","tag-eventos-en-el-meta-2025","tag-festival-de-la-palma-y-la-guaratara","tag-fiestas-del-llano","tag-flota-la-macarena","tag-ivan-villazon","tag-pasajes-a-san-carlos-de-guaroa","tag-programacion-festival-de-la-palma-y-la-guaratara","tag-san-carlos-de-guaroa","tag-turismo-en-el-meta","tag-viajar-en-bus-por-colombia"],"acf":[],"yoast_head":"<!-- This site is optimized with the Yoast SEO plugin v27.5 - https:\/\/yoast.com\/product\/yoast-seo-wordpress\/ -->\n<title>Festival de la Palma y la Guaratara 2025: Programaci\u00f3n y Pasajes<\/title>\n<meta name=\"description\" content=\"Conoce la programaci\u00f3n del Festival de la Palma y la Guaratara 2025. Elder Dayan, Alzate y m\u00e1s artistas. \u00a1Viaja c\u00f3modo a San Carlos con Flota La Macarena!\" \/>\n<meta name=\"robots\" content=\"index, follow, max-snippet:-1, max-image-preview:large, max-video-preview:-1\" \/>\n<link rel=\"canonical\" href=\"https:\/\/www.flotalamacarena.com\/inicio\/programacion-del-festival-de-la-palma-y-la-guaratara-en-san-carlos-de-guaroa\/\" \/>\n<meta property=\"og:locale\" content=\"es_ES\" \/>\n<meta property=\"og:type\" content=\"article\" \/>\n<meta property=\"og:title\" content=\"Festival de la Palma y la Guaratara 2025: Programaci\u00f3n y Pasajes\" \/>\n<meta property=\"og:description\" content=\"Conoce la programaci\u00f3n del Festival de la Palma y la Guaratara 2025. Elder Dayan, Alzate y m\u00e1s artistas. \u00a1Viaja c\u00f3modo a San Carlos con Flota La Macarena!\" \/>\n<meta property=\"og:url\" content=\"https:\/\/www.flotalamacarena.com\/inicio\/programacion-del-festival-de-la-palma-y-la-guaratara-en-san-carlos-de-guaroa\/\" \/>\n<meta property=\"og:site_name\" content=\"Flota La Macarena S.A\" \/>\n<meta property=\"article:publisher\" content=\"https:\/\/www.facebook.com\/flota.lamacarenasa\/\" \/>\n<meta property=\"article:published_time\" content=\"2025-11-13T20:21:46+00:00\" \/>\n<meta property=\"article:modified_time\" content=\"2025-11-13T20:57:44+00:00\" \/>\n<meta property=\"og:image\" content=\"https:\/\/www.flotalamacarena.com\/wp-content\/uploads\/2025\/11\/Festival-de-la-palma-y-la-guaratara-2025.jpg\" \/>\n\t<meta property=\"og:image:width\" content=\"450\" \/>\n\t<meta property=\"og:image:height\" content=\"280\" \/>\n\t<meta property=\"og:image:type\" content=\"image\/jpeg\" \/>\n<meta name=\"author\" content=\"Javier Prieto\" \/>\n<meta name=\"twitter:card\" content=\"summary_large_image\" \/>\n<meta name=\"twitter:creator\" content=\"@FlotaLaMacarena\" \/>\n<meta name=\"twitter:site\" content=\"@FlotaLaMacarena\" \/>\n<meta name=\"twitter:label1\" content=\"Escrito por\" \/>\n\t<meta name=\"twitter:data1\" content=\"Javier Prieto\" \/>\n\t<meta name=\"twitter:label2\" content=\"Tiempo de lectura\" \/>\n\t<meta name=\"twitter:data2\" content=\"1 minuto\" \/>\n<script type=\"application\/ld+json\" class=\"yoast-schema-graph\">{\"@context\":\"https:\\\/\\\/schema.org\",\"@graph\":[{\"@type\":\"Article\",\"@id\":\"https:\\\/\\\/www.flotalamacarena.com\\\/inicio\\\/programacion-del-festival-de-la-palma-y-la-guaratara-en-san-carlos-de-guaroa\\\/#article\",\"isPartOf\":{\"@id\":\"https:\\\/\\\/www.flotalamacarena.com\\\/inicio\\\/programacion-del-festival-de-la-palma-y-la-guaratara-en-san-carlos-de-guaroa\\\/\"},\"author\":{\"name\":\"Javier Prieto\",\"@id\":\"https:\\\/\\\/www.flotalamacarena.com\\\/inicio\\\/#\\\/schema\\\/person\\\/4c1a42f2560c0abd62779e7bd0868f33\"},\"headline\":\"\u00a1La fiesta es en San Carlos de Guaroa! Conoce la programaci\u00f3n oficial del Festival de la Palma y la Guaratara 2025\",\"datePublished\":\"2025-11-13T20:21:46+00:00\",\"dateModified\":\"2025-11-13T20:57:44+00:00\",\"mainEntityOfPage\":{\"@id\":\"https:\\\/\\\/www.flotalamacarena.com\\\/inicio\\\/programacion-del-festival-de-la-palma-y-la-guaratara-en-san-carlos-de-guaroa\\\/\"},\"wordCount\":21,\"publisher\":{\"@id\":\"https:\\\/\\\/www.flotalamacarena.com\\\/inicio\\\/#organization\"},\"image\":{\"@id\":\"https:\\\/\\\/www.flotalamacarena.com\\\/inicio\\\/programacion-del-festival-de-la-palma-y-la-guaratara-en-san-carlos-de-guaroa\\\/#primaryimage\"},\"thumbnailUrl\":\"https:\\\/\\\/www.flotalamacarena.com\\\/wp-content\\\/uploads\\\/2025\\\/11\\\/Festival-de-la-palma-y-la-guaratara-2025.jpg\",\"keywords\":[\"Alzate\",\"Elder Dayan\",\"Eventos en el Meta 2025\",\"Festival de la Palma y la Guaratara\",\"Fiestas del Llano\",\"Flota La Macarena\",\"Iv\u00e1n Villaz\u00f3n\",\"Pasajes a San Carlos de Guaroa\",\"Programaci\u00f3n Festival de la Palma y la Guaratara\",\"San Carlos de Guaroa\",\"Turismo en el Meta\",\"Viajar en bus por Colombia\"],\"articleSection\":[\"Blog\",\"Destinos Flota La Macarena\",\"Destinos Recomendados\",\"Ferias y Fiestas\",\"Llanos Orientales\",\"M\u00fasica y Cultura\",\"Turismo en el Meta\"],\"inLanguage\":\"es-CO\"},{\"@type\":\"WebPage\",\"@id\":\"https:\\\/\\\/www.flotalamacarena.com\\\/inicio\\\/programacion-del-festival-de-la-palma-y-la-guaratara-en-san-carlos-de-guaroa\\\/\",\"url\":\"https:\\\/\\\/www.flotalamacarena.com\\\/inicio\\\/programacion-del-festival-de-la-palma-y-la-guaratara-en-san-carlos-de-guaroa\\\/\",\"name\":\"Festival de la Palma y la Guaratara 2025: Programaci\u00f3n y Pasajes\",\"isPartOf\":{\"@id\":\"https:\\\/\\\/www.flotalamacarena.com\\\/inicio\\\/#website\"},\"primaryImageOfPage\":{\"@id\":\"https:\\\/\\\/www.flotalamacarena.com\\\/inicio\\\/programacion-del-festival-de-la-palma-y-la-guaratara-en-san-carlos-de-guaroa\\\/#primaryimage\"},\"image\":{\"@id\":\"https:\\\/\\\/www.flotalamacarena.com\\\/inicio\\\/programacion-del-festival-de-la-palma-y-la-guaratara-en-san-carlos-de-guaroa\\\/#primaryimage\"},\"thumbnailUrl\":\"https:\\\/\\\/www.flotalamacarena.com\\\/wp-content\\\/uploads\\\/2025\\\/11\\\/Festival-de-la-palma-y-la-guaratara-2025.jpg\",\"datePublished\":\"2025-11-13T20:21:46+00:00\",\"dateModified\":\"2025-11-13T20:57:44+00:00\",\"description\":\"Conoce la programaci\u00f3n del Festival de la Palma y la Guaratara 2025. Elder Dayan, Alzate y m\u00e1s artistas. \u00a1Viaja c\u00f3modo a San Carlos con Flota La Macarena!\",\"breadcrumb\":{\"@id\":\"https:\\\/\\\/www.flotalamacarena.com\\\/inicio\\\/programacion-del-festival-de-la-palma-y-la-guaratara-en-san-carlos-de-guaroa\\\/#breadcrumb\"},\"inLanguage\":\"es-CO\",\"potentialAction\":[{\"@type\":\"ReadAction\",\"target\":[\"https:\\\/\\\/www.flotalamacarena.com\\\/inicio\\\/programacion-del-festival-de-la-palma-y-la-guaratara-en-san-carlos-de-guaroa\\\/\"]}]},{\"@type\":\"ImageObject\",\"inLanguage\":\"es-CO\",\"@id\":\"https:\\\/\\\/www.flotalamacarena.com\\\/inicio\\\/programacion-del-festival-de-la-palma-y-la-guaratara-en-san-carlos-de-guaroa\\\/#primaryimage\",\"url\":\"https:\\\/\\\/www.flotalamacarena.com\\\/wp-content\\\/uploads\\\/2025\\\/11\\\/Festival-de-la-palma-y-la-guaratara-2025.jpg\",\"contentUrl\":\"https:\\\/\\\/www.flotalamacarena.com\\\/wp-content\\\/uploads\\\/2025\\\/11\\\/Festival-de-la-palma-y-la-guaratara-2025.jpg\",\"width\":450,\"height\":280,\"caption\":\"Festival de la palma y la guaratara 2025\"},{\"@type\":\"BreadcrumbList\",\"@id\":\"https:\\\/\\\/www.flotalamacarena.com\\\/inicio\\\/programacion-del-festival-de-la-palma-y-la-guaratara-en-san-carlos-de-guaroa\\\/#breadcrumb\",\"itemListElement\":[{\"@type\":\"ListItem\",\"position\":1,\"name\":\"Inicio\",\"item\":\"https:\\\/\\\/www.flotalamacarena.com\\\/inicio\\\/\"},{\"@type\":\"ListItem\",\"position\":2,\"name\":\"\u00a1La fiesta es en San Carlos de Guaroa! Conoce la programaci\u00f3n oficial del Festival de la Palma y la Guaratara 2025\"}]},{\"@type\":\"WebSite\",\"@id\":\"https:\\\/\\\/www.flotalamacarena.com\\\/inicio\\\/#website\",\"url\":\"https:\\\/\\\/www.flotalamacarena.com\\\/inicio\\\/\",\"name\":\"Flota La Macarena S.A\",\"description\":\"\",\"publisher\":{\"@id\":\"https:\\\/\\\/www.flotalamacarena.com\\\/inicio\\\/#organization\"},\"potentialAction\":[{\"@type\":\"SearchAction\",\"target\":{\"@type\":\"EntryPoint\",\"urlTemplate\":\"https:\\\/\\\/www.flotalamacarena.com\\\/inicio\\\/?s={search_term_string}\"},\"query-input\":{\"@type\":\"PropertyValueSpecification\",\"valueRequired\":true,\"valueName\":\"search_term_string\"}}],\"inLanguage\":\"es-CO\"},{\"@type\":\"Organization\",\"@id\":\"https:\\\/\\\/www.flotalamacarena.com\\\/inicio\\\/#organization\",\"name\":\"Flota La Macarena S.A\",\"url\":\"https:\\\/\\\/www.flotalamacarena.com\\\/inicio\\\/\",\"logo\":{\"@type\":\"ImageObject\",\"inLanguage\":\"es-CO\",\"@id\":\"https:\\\/\\\/www.flotalamacarena.com\\\/inicio\\\/#\\\/schema\\\/logo\\\/image\\\/\",\"url\":\"https:\\\/\\\/www.flotalamacarena.com\\\/wp-content\\\/uploads\\\/2024\\\/03\\\/LOGO_FLM.png\",\"contentUrl\":\"https:\\\/\\\/www.flotalamacarena.com\\\/wp-content\\\/uploads\\\/2024\\\/03\\\/LOGO_FLM.png\",\"width\":450,\"height\":167,\"caption\":\"Flota La Macarena S.A\"},\"image\":{\"@id\":\"https:\\\/\\\/www.flotalamacarena.com\\\/inicio\\\/#\\\/schema\\\/logo\\\/image\\\/\"},\"sameAs\":[\"https:\\\/\\\/www.facebook.com\\\/flota.lamacarenasa\\\/\",\"https:\\\/\\\/x.com\\\/FlotaLaMacarena\",\"https:\\\/\\\/www.youtube.com\\\/@flotalamacarena6335\",\"https:\\\/\\\/www.instagram.com\\\/flota_la_macarena\\\/\",\"https:\\\/\\\/www.linkedin.com\\\/company\\\/flota-la-macarena-s-a\\\/\"]},{\"@type\":\"Person\",\"@id\":\"https:\\\/\\\/www.flotalamacarena.com\\\/inicio\\\/#\\\/schema\\\/person\\\/4c1a42f2560c0abd62779e7bd0868f33\",\"name\":\"Javier Prieto\",\"url\":\"https:\\\/\\\/www.flotalamacarena.com\\\/inicio\\\/author\\\/mastersite\\\/\"}]}<\/script>\n<!-- \/ Yoast SEO plugin. -->","yoast_head_json":{"title":"Festival de la Palma y la Guaratara 2025: Programaci\u00f3n y Pasajes","description":"Conoce la programaci\u00f3n del Festival de la Palma y la Guaratara 2025. Elder Dayan, Alzate y m\u00e1s artistas. \u00a1Viaja c\u00f3modo a San Carlos con Flota La Macarena!","robots":{"index":"index","follow":"follow","max-snippet":"max-snippet:-1","max-image-preview":"max-image-preview:large","max-video-preview":"max-video-preview:-1"},"canonical":"https:\/\/www.flotalamacarena.com\/inicio\/programacion-del-festival-de-la-palma-y-la-guaratara-en-san-carlos-de-guaroa\/","og_locale":"es_ES","og_type":"article","og_title":"Festival de la Palma y la Guaratara 2025: Programaci\u00f3n y Pasajes","og_description":"Conoce la programaci\u00f3n del Festival de la Palma y la Guaratara 2025. Elder Dayan, Alzate y m\u00e1s artistas. \u00a1Viaja c\u00f3modo a San Carlos con Flota La Macarena!","og_url":"https:\/\/www.flotalamacarena.com\/inicio\/programacion-del-festival-de-la-palma-y-la-guaratara-en-san-carlos-de-guaroa\/","og_site_name":"Flota La Macarena S.A","article_publisher":"https:\/\/www.facebook.com\/flota.lamacarenasa\/","article_published_time":"2025-11-13T20:21:46+00:00","article_modified_time":"2025-11-13T20:57:44+00:00","og_image":[{"width":450,"height":280,"url":"https:\/\/www.flotalamacarena.com\/wp-content\/uploads\/2025\/11\/Festival-de-la-palma-y-la-guaratara-2025.jpg","type":"image\/jpeg"}],"author":"Javier Prieto","twitter_card":"summary_large_image","twitter_creator":"@FlotaLaMacarena","twitter_site":"@FlotaLaMacarena","twitter_misc":{"Escrito por":"Javier Prieto","Tiempo de lectura":"1 minuto"},"schema":{"@context":"https:\/\/schema.org","@graph":[{"@type":"Article","@id":"https:\/\/www.flotalamacarena.com\/inicio\/programacion-del-festival-de-la-palma-y-la-guaratara-en-san-carlos-de-guaroa\/#article","isPartOf":{"@id":"https:\/\/www.flotalamacarena.com\/inicio\/programacion-del-festival-de-la-palma-y-la-guaratara-en-san-carlos-de-guaroa\/"},"author":{"name":"Javier Prieto","@id":"https:\/\/www.flotalamacarena.com\/inicio\/#\/schema\/person\/4c1a42f2560c0abd62779e7bd0868f33"},"headline":"\u00a1La fiesta es en San Carlos de Guaroa! Conoce la programaci\u00f3n oficial del Festival de la Palma y la Guaratara 2025","datePublished":"2025-11-13T20:21:46+00:00","dateModified":"2025-11-13T20:57:44+00:00","mainEntityOfPage":{"@id":"https:\/\/www.flotalamacarena.com\/inicio\/programacion-del-festival-de-la-palma-y-la-guaratara-en-san-carlos-de-guaroa\/"},"wordCount":21,"publisher":{"@id":"https:\/\/www.flotalamacarena.com\/inicio\/#organization"},"image":{"@id":"https:\/\/www.flotalamacarena.com\/inicio\/programacion-del-festival-de-la-palma-y-la-guaratara-en-san-carlos-de-guaroa\/#primaryimage"},"thumbnailUrl":"https:\/\/www.flotalamacarena.com\/wp-content\/uploads\/2025\/11\/Festival-de-la-palma-y-la-guaratara-2025.jpg","keywords":["Alzate","Elder Dayan","Eventos en el Meta 2025","Festival de la Palma y la Guaratara","Fiestas del Llano","Flota La Macarena","Iv\u00e1n Villaz\u00f3n","Pasajes a San Carlos de Guaroa","Programaci\u00f3n Festival de la Palma y la Guaratara","San Carlos de Guaroa","Turismo en el Meta","Viajar en bus por Colombia"],"articleSection":["Blog","Destinos Flota La Macarena","Destinos Recomendados","Ferias y Fiestas","Llanos Orientales","M\u00fasica y Cultura","Turismo en el Meta"],"inLanguage":"es-CO"},{"@type":"WebPage","@id":"https:\/\/www.flotalamacarena.com\/inicio\/programacion-del-festival-de-la-palma-y-la-guaratara-en-san-carlos-de-guaroa\/","url":"https:\/\/www.flotalamacarena.com\/inicio\/programacion-del-festival-de-la-palma-y-la-guaratara-en-san-carlos-de-guaroa\/","name":"Festival de la Palma y la Guaratara 2025: Programaci\u00f3n y Pasajes","isPartOf":{"@id":"https:\/\/www.flotalamacarena.com\/inicio\/#website"},"primaryImageOfPage":{"@id":"https:\/\/www.flotalamacarena.com\/inicio\/programacion-del-festival-de-la-palma-y-la-guaratara-en-san-carlos-de-guaroa\/#primaryimage"},"image":{"@id":"https:\/\/www.flotalamacarena.com\/inicio\/programacion-del-festival-de-la-palma-y-la-guaratara-en-san-carlos-de-guaroa\/#primaryimage"},"thumbnailUrl":"https:\/\/www.flotalamacarena.com\/wp-content\/uploads\/2025\/11\/Festival-de-la-palma-y-la-guaratara-2025.jpg","datePublished":"2025-11-13T20:21:46+00:00","dateModified":"2025-11-13T20:57:44+00:00","description":"Conoce la programaci\u00f3n del Festival de la Palma y la Guaratara 2025. Elder Dayan, Alzate y m\u00e1s artistas. \u00a1Viaja c\u00f3modo a San Carlos con Flota La Macarena!","breadcrumb":{"@id":"https:\/\/www.flotalamacarena.com\/inicio\/programacion-del-festival-de-la-palma-y-la-guaratara-en-san-carlos-de-guaroa\/#breadcrumb"},"inLanguage":"es-CO","potentialAction":[{"@type":"ReadAction","target":["https:\/\/www.flotalamacarena.com\/inicio\/programacion-del-festival-de-la-palma-y-la-guaratara-en-san-carlos-de-guaroa\/"]}]},{"@type":"ImageObject","inLanguage":"es-CO","@id":"https:\/\/www.flotalamacarena.com\/inicio\/programacion-del-festival-de-la-palma-y-la-guaratara-en-san-carlos-de-guaroa\/#primaryimage","url":"https:\/\/www.flotalamacarena.com\/wp-content\/uploads\/2025\/11\/Festival-de-la-palma-y-la-guaratara-2025.jpg","contentUrl":"https:\/\/www.flotalamacarena.com\/wp-content\/uploads\/2025\/11\/Festival-de-la-palma-y-la-guaratara-2025.jpg","width":450,"height":280,"caption":"Festival de la palma y la guaratara 2025"},{"@type":"BreadcrumbList","@id":"https:\/\/www.flotalamacarena.com\/inicio\/programacion-del-festival-de-la-palma-y-la-guaratara-en-san-carlos-de-guaroa\/#breadcrumb","itemListElement":[{"@type":"ListItem","position":1,"name":"Inicio","item":"https:\/\/www.flotalamacarena.com\/inicio\/"},{"@type":"ListItem","position":2,"name":"\u00a1La fiesta es en San Carlos de Guaroa! Conoce la programaci\u00f3n oficial del Festival de la Palma y la Guaratara 2025"}]},{"@type":"WebSite","@id":"https:\/\/www.flotalamacarena.com\/inicio\/#website","url":"https:\/\/www.flotalamacarena.com\/inicio\/","name":"Flota La Macarena S.A","description":"","publisher":{"@id":"https:\/\/www.flotalamacarena.com\/inicio\/#organization"},"potentialAction":[{"@type":"SearchAction","target":{"@type":"EntryPoint","urlTemplate":"https:\/\/www.flotalamacarena.com\/inicio\/?s={search_term_string}"},"query-input":{"@type":"PropertyValueSpecification","valueRequired":true,"valueName":"search_term_string"}}],"inLanguage":"es-CO"},{"@type":"Organization","@id":"https:\/\/www.flotalamacarena.com\/inicio\/#organization","name":"Flota La Macarena S.A","url":"https:\/\/www.flotalamacarena.com\/inicio\/","logo":{"@type":"ImageObject","inLanguage":"es-CO","@id":"https:\/\/www.flotalamacarena.com\/inicio\/#\/schema\/logo\/image\/","url":"https:\/\/www.flotalamacarena.com\/wp-content\/uploads\/2024\/03\/LOGO_FLM.png","contentUrl":"https:\/\/www.flotalamacarena.com\/wp-content\/uploads\/2024\/03\/LOGO_FLM.png","width":450,"height":167,"caption":"Flota La Macarena S.A"},"image":{"@id":"https:\/\/www.flotalamacarena.com\/inicio\/#\/schema\/logo\/image\/"},"sameAs":["https:\/\/www.facebook.com\/flota.lamacarenasa\/","https:\/\/x.com\/FlotaLaMacarena","https:\/\/www.youtube.com\/@flotalamacarena6335","https:\/\/www.instagram.com\/flota_la_macarena\/","https:\/\/www.linkedin.com\/company\/flota-la-macarena-s-a\/"]},{"@type":"Person","@id":"https:\/\/www.flotalamacarena.com\/inicio\/#\/schema\/person\/4c1a42f2560c0abd62779e7bd0868f33","name":"Javier Prieto","url":"https:\/\/www.flotalamacarena.com\/inicio\/author\/mastersite\/"}]}},"_links":{"self":[{"href":"https:\/\/www.flotalamacarena.com\/inicio\/wp-json\/wp\/v2\/posts\/7835","targetHints":{"allow":["GET"]}}],"collection":[{"href":"https:\/\/www.flotalamacarena.com\/inicio\/wp-json\/wp\/v2\/posts"}],"about":[{"href":"https:\/\/www.flotalamacarena.com\/inicio\/wp-json\/wp\/v2\/types\/post"}],"author":[{"embeddable":true,"href":"https:\/\/www.flotalamacarena.com\/inicio\/wp-json\/wp\/v2\/users\/3"}],"replies":[{"embeddable":true,"href":"https:\/\/www.flotalamacarena.com\/inicio\/wp-json\/wp\/v2\/comments?post=7835"}],"version-history":[{"count":1,"href":"https:\/\/www.flotalamacarena.com\/inicio\/wp-json\/wp\/v2\/posts\/7835\/revisions"}],"predecessor-version":[{"id":7838,"href":"https:\/\/www.flotalamacarena.com\/inicio\/wp-json\/wp\/v2\/posts\/7835\/revisions\/7838"}],"wp:featuredmedia":[{"embeddable":true,"href":"https:\/\/www.flotalamacarena.com\/inicio\/wp-json\/wp\/v2\/media\/7843"}],"wp:attachment":[{"href":"https:\/\/www.flotalamacarena.com\/inicio\/wp-json\/wp\/v2\/media?parent=7835"}],"wp:term":[{"taxonomy":"category","embeddable":true,"href":"https:\/\/www.flotalamacarena.com\/inicio\/wp-json\/wp\/v2\/categories?post=7835"},{"taxonomy":"post_tag","embeddable":true,"href":"https:\/\/www.flotalamacarena.com\/inicio\/wp-json\/wp\/v2\/tags?post=7835"}],"curies":[{"name":"wp","href":"https:\/\/api.w.org\/{rel}","templated":true}]}}