{"id":7390,"date":"2025-10-24T15:05:40","date_gmt":"2025-10-24T20:05:40","guid":{"rendered":"https:\/\/www.flotalamacarena.com\/inicio\/?p=7390"},"modified":"2025-10-24T15:26:50","modified_gmt":"2025-10-24T20:26:50","slug":"festival-la-meseta-de-oro-en-mesetas-meta","status":"publish","type":"post","link":"https:\/\/www.flotalamacarena.com\/inicio\/festival-la-meseta-de-oro-en-mesetas-meta\/","title":{"rendered":"Festival &#8216;La Meseta de Oro&#8217; en Mesetas, Meta: \u00a1Programaci\u00f3n Completa del 24 al 26 de Octubre!"},"content":{"rendered":"","protected":false},"excerpt":{"rendered":"","protected":false},"author":3,"featured_media":7392,"comment_status":"closed","ping_status":"closed","sticky":false,"template":"","format":"standard","meta":{"_acf_changed":false,"footnotes":""},"categories":[43,162,180,57,105,1,285],"tags":[],"class_list":["post-7390","post","type-post","status-publish","format-standard","has-post-thumbnail","hentry","category-blog","category-destinos-colombia","category-destinos-flota-la-macarena","category-ferias-y-fiestas","category-llanos-orientales","category-sin-categoria","category-turismo-en-el-meta"],"acf":[],"yoast_head":"<!-- This site is optimized with the Yoast SEO plugin v27.5 - https:\/\/yoast.com\/product\/yoast-seo-wordpress\/ -->\n<title>Festival &#039;La Meseta de Oro&#039; en Mesetas, Meta - Flota La Macarena S.A<\/title>\n<meta name=\"description\" content=\"\u00a1Mesetas se viste de fiesta! Conoce la programaci\u00f3n completa del XX Festival Folcl\u00f3rico y Tur\u00edstico &#039;La Meseta de Oro&#039; 2025. \u00a1Flota La Macarena te lleva!\" \/>\n<meta name=\"robots\" content=\"index, follow, max-snippet:-1, max-image-preview:large, max-video-preview:-1\" \/>\n<link rel=\"canonical\" href=\"https:\/\/www.flotalamacarena.com\/inicio\/festival-la-meseta-de-oro-en-mesetas-meta\/\" \/>\n<meta property=\"og:locale\" content=\"es_ES\" \/>\n<meta property=\"og:type\" content=\"article\" \/>\n<meta property=\"og:title\" content=\"Festival &#039;La Meseta de Oro&#039; en Mesetas, Meta - Flota La Macarena S.A\" \/>\n<meta property=\"og:description\" content=\"\u00a1Mesetas se viste de fiesta! Conoce la programaci\u00f3n completa del XX Festival Folcl\u00f3rico y Tur\u00edstico &#039;La Meseta de Oro&#039; 2025. \u00a1Flota La Macarena te lleva!\" \/>\n<meta property=\"og:url\" content=\"https:\/\/www.flotalamacarena.com\/inicio\/festival-la-meseta-de-oro-en-mesetas-meta\/\" \/>\n<meta property=\"og:site_name\" content=\"Flota La Macarena S.A\" \/>\n<meta property=\"article:publisher\" content=\"https:\/\/www.facebook.com\/flota.lamacarenasa\/\" \/>\n<meta property=\"article:published_time\" content=\"2025-10-24T20:05:40+00:00\" \/>\n<meta property=\"article:modified_time\" content=\"2025-10-24T20:26:50+00:00\" \/>\n<meta property=\"og:image\" content=\"https:\/\/www.flotalamacarena.com\/wp-content\/uploads\/2025\/10\/Festival-La-Meseta-de-Oro-en-Mesetas.jpg\" \/>\n\t<meta property=\"og:image:width\" content=\"1442\" \/>\n\t<meta property=\"og:image:height\" content=\"594\" \/>\n\t<meta property=\"og:image:type\" content=\"image\/jpeg\" \/>\n<meta name=\"author\" content=\"Javier Prieto\" \/>\n<meta name=\"twitter:card\" content=\"summary_large_image\" \/>\n<meta name=\"twitter:creator\" content=\"@FlotaLaMacarena\" \/>\n<meta name=\"twitter:site\" content=\"@FlotaLaMacarena\" \/>\n<meta name=\"twitter:label1\" content=\"Escrito por\" \/>\n\t<meta name=\"twitter:data1\" content=\"Javier Prieto\" \/>\n\t<meta name=\"twitter:label2\" content=\"Tiempo de lectura\" \/>\n\t<meta name=\"twitter:data2\" content=\"1 minuto\" \/>\n<script type=\"application\/ld+json\" class=\"yoast-schema-graph\">{\"@context\":\"https:\\\/\\\/schema.org\",\"@graph\":[{\"@type\":\"Article\",\"@id\":\"https:\\\/\\\/www.flotalamacarena.com\\\/inicio\\\/festival-la-meseta-de-oro-en-mesetas-meta\\\/#article\",\"isPartOf\":{\"@id\":\"https:\\\/\\\/www.flotalamacarena.com\\\/inicio\\\/festival-la-meseta-de-oro-en-mesetas-meta\\\/\"},\"author\":{\"name\":\"Javier Prieto\",\"@id\":\"https:\\\/\\\/www.flotalamacarena.com\\\/inicio\\\/#\\\/schema\\\/person\\\/4c1a42f2560c0abd62779e7bd0868f33\"},\"headline\":\"Festival &#8216;La Meseta de Oro&#8217; en Mesetas, Meta: \u00a1Programaci\u00f3n Completa del 24 al 26 de Octubre!\",\"datePublished\":\"2025-10-24T20:05:40+00:00\",\"dateModified\":\"2025-10-24T20:26:50+00:00\",\"mainEntityOfPage\":{\"@id\":\"https:\\\/\\\/www.flotalamacarena.com\\\/inicio\\\/festival-la-meseta-de-oro-en-mesetas-meta\\\/\"},\"wordCount\":15,\"publisher\":{\"@id\":\"https:\\\/\\\/www.flotalamacarena.com\\\/inicio\\\/#organization\"},\"image\":{\"@id\":\"https:\\\/\\\/www.flotalamacarena.com\\\/inicio\\\/festival-la-meseta-de-oro-en-mesetas-meta\\\/#primaryimage\"},\"thumbnailUrl\":\"https:\\\/\\\/www.flotalamacarena.com\\\/wp-content\\\/uploads\\\/2025\\\/10\\\/Festival-La-Meseta-de-Oro-en-Mesetas.jpg\",\"articleSection\":{\"0\":\"Blog\",\"1\":\"Destinos Colombia\",\"2\":\"Destinos Flota La Macarena\",\"3\":\"Ferias y Fiestas\",\"4\":\"Llanos Orientales\",\"6\":\"Turismo en el Meta\"},\"inLanguage\":\"es-CO\"},{\"@type\":\"WebPage\",\"@id\":\"https:\\\/\\\/www.flotalamacarena.com\\\/inicio\\\/festival-la-meseta-de-oro-en-mesetas-meta\\\/\",\"url\":\"https:\\\/\\\/www.flotalamacarena.com\\\/inicio\\\/festival-la-meseta-de-oro-en-mesetas-meta\\\/\",\"name\":\"Festival 'La Meseta de Oro' en Mesetas, Meta - Flota La Macarena S.A\",\"isPartOf\":{\"@id\":\"https:\\\/\\\/www.flotalamacarena.com\\\/inicio\\\/#website\"},\"primaryImageOfPage\":{\"@id\":\"https:\\\/\\\/www.flotalamacarena.com\\\/inicio\\\/festival-la-meseta-de-oro-en-mesetas-meta\\\/#primaryimage\"},\"image\":{\"@id\":\"https:\\\/\\\/www.flotalamacarena.com\\\/inicio\\\/festival-la-meseta-de-oro-en-mesetas-meta\\\/#primaryimage\"},\"thumbnailUrl\":\"https:\\\/\\\/www.flotalamacarena.com\\\/wp-content\\\/uploads\\\/2025\\\/10\\\/Festival-La-Meseta-de-Oro-en-Mesetas.jpg\",\"datePublished\":\"2025-10-24T20:05:40+00:00\",\"dateModified\":\"2025-10-24T20:26:50+00:00\",\"description\":\"\u00a1Mesetas se viste de fiesta! Conoce la programaci\u00f3n completa del XX Festival Folcl\u00f3rico y Tur\u00edstico 'La Meseta de Oro' 2025. \u00a1Flota La Macarena te lleva!\",\"breadcrumb\":{\"@id\":\"https:\\\/\\\/www.flotalamacarena.com\\\/inicio\\\/festival-la-meseta-de-oro-en-mesetas-meta\\\/#breadcrumb\"},\"inLanguage\":\"es-CO\",\"potentialAction\":[{\"@type\":\"ReadAction\",\"target\":[\"https:\\\/\\\/www.flotalamacarena.com\\\/inicio\\\/festival-la-meseta-de-oro-en-mesetas-meta\\\/\"]}]},{\"@type\":\"ImageObject\",\"inLanguage\":\"es-CO\",\"@id\":\"https:\\\/\\\/www.flotalamacarena.com\\\/inicio\\\/festival-la-meseta-de-oro-en-mesetas-meta\\\/#primaryimage\",\"url\":\"https:\\\/\\\/www.flotalamacarena.com\\\/wp-content\\\/uploads\\\/2025\\\/10\\\/Festival-La-Meseta-de-Oro-en-Mesetas.jpg\",\"contentUrl\":\"https:\\\/\\\/www.flotalamacarena.com\\\/wp-content\\\/uploads\\\/2025\\\/10\\\/Festival-La-Meseta-de-Oro-en-Mesetas.jpg\",\"width\":1442,\"height\":594,\"caption\":\"Festival 'La Meseta de Oro' en Mesetas\"},{\"@type\":\"BreadcrumbList\",\"@id\":\"https:\\\/\\\/www.flotalamacarena.com\\\/inicio\\\/festival-la-meseta-de-oro-en-mesetas-meta\\\/#breadcrumb\",\"itemListElement\":[{\"@type\":\"ListItem\",\"position\":1,\"name\":\"Inicio\",\"item\":\"https:\\\/\\\/www.flotalamacarena.com\\\/inicio\\\/\"},{\"@type\":\"ListItem\",\"position\":2,\"name\":\"Festival &#8216;La Meseta de Oro&#8217; en Mesetas, Meta: \u00a1Programaci\u00f3n Completa del 24 al 26 de Octubre!\"}]},{\"@type\":\"WebSite\",\"@id\":\"https:\\\/\\\/www.flotalamacarena.com\\\/inicio\\\/#website\",\"url\":\"https:\\\/\\\/www.flotalamacarena.com\\\/inicio\\\/\",\"name\":\"Flota La Macarena S.A\",\"description\":\"\",\"publisher\":{\"@id\":\"https:\\\/\\\/www.flotalamacarena.com\\\/inicio\\\/#organization\"},\"potentialAction\":[{\"@type\":\"SearchAction\",\"target\":{\"@type\":\"EntryPoint\",\"urlTemplate\":\"https:\\\/\\\/www.flotalamacarena.com\\\/inicio\\\/?s={search_term_string}\"},\"query-input\":{\"@type\":\"PropertyValueSpecification\",\"valueRequired\":true,\"valueName\":\"search_term_string\"}}],\"inLanguage\":\"es-CO\"},{\"@type\":\"Organization\",\"@id\":\"https:\\\/\\\/www.flotalamacarena.com\\\/inicio\\\/#organization\",\"name\":\"Flota La Macarena S.A\",\"url\":\"https:\\\/\\\/www.flotalamacarena.com\\\/inicio\\\/\",\"logo\":{\"@type\":\"ImageObject\",\"inLanguage\":\"es-CO\",\"@id\":\"https:\\\/\\\/www.flotalamacarena.com\\\/inicio\\\/#\\\/schema\\\/logo\\\/image\\\/\",\"url\":\"https:\\\/\\\/www.flotalamacarena.com\\\/wp-content\\\/uploads\\\/2024\\\/03\\\/LOGO_FLM.png\",\"contentUrl\":\"https:\\\/\\\/www.flotalamacarena.com\\\/wp-content\\\/uploads\\\/2024\\\/03\\\/LOGO_FLM.png\",\"width\":450,\"height\":167,\"caption\":\"Flota La Macarena S.A\"},\"image\":{\"@id\":\"https:\\\/\\\/www.flotalamacarena.com\\\/inicio\\\/#\\\/schema\\\/logo\\\/image\\\/\"},\"sameAs\":[\"https:\\\/\\\/www.facebook.com\\\/flota.lamacarenasa\\\/\",\"https:\\\/\\\/x.com\\\/FlotaLaMacarena\",\"https:\\\/\\\/www.youtube.com\\\/@flotalamacarena6335\",\"https:\\\/\\\/www.instagram.com\\\/flota_la_macarena\\\/\",\"https:\\\/\\\/www.linkedin.com\\\/company\\\/flota-la-macarena-s-a\\\/\"]},{\"@type\":\"Person\",\"@id\":\"https:\\\/\\\/www.flotalamacarena.com\\\/inicio\\\/#\\\/schema\\\/person\\\/4c1a42f2560c0abd62779e7bd0868f33\",\"name\":\"Javier Prieto\",\"url\":\"https:\\\/\\\/www.flotalamacarena.com\\\/inicio\\\/author\\\/mastersite\\\/\"}]}<\/script>\n<!-- \/ Yoast SEO plugin. -->","yoast_head_json":{"title":"Festival 'La Meseta de Oro' en Mesetas, Meta - Flota La Macarena S.A","description":"\u00a1Mesetas se viste de fiesta! Conoce la programaci\u00f3n completa del XX Festival Folcl\u00f3rico y Tur\u00edstico 'La Meseta de Oro' 2025. \u00a1Flota La Macarena te lleva!","robots":{"index":"index","follow":"follow","max-snippet":"max-snippet:-1","max-image-preview":"max-image-preview:large","max-video-preview":"max-video-preview:-1"},"canonical":"https:\/\/www.flotalamacarena.com\/inicio\/festival-la-meseta-de-oro-en-mesetas-meta\/","og_locale":"es_ES","og_type":"article","og_title":"Festival 'La Meseta de Oro' en Mesetas, Meta - Flota La Macarena S.A","og_description":"\u00a1Mesetas se viste de fiesta! Conoce la programaci\u00f3n completa del XX Festival Folcl\u00f3rico y Tur\u00edstico 'La Meseta de Oro' 2025. \u00a1Flota La Macarena te lleva!","og_url":"https:\/\/www.flotalamacarena.com\/inicio\/festival-la-meseta-de-oro-en-mesetas-meta\/","og_site_name":"Flota La Macarena S.A","article_publisher":"https:\/\/www.facebook.com\/flota.lamacarenasa\/","article_published_time":"2025-10-24T20:05:40+00:00","article_modified_time":"2025-10-24T20:26:50+00:00","og_image":[{"width":1442,"height":594,"url":"https:\/\/www.flotalamacarena.com\/wp-content\/uploads\/2025\/10\/Festival-La-Meseta-de-Oro-en-Mesetas.jpg","type":"image\/jpeg"}],"author":"Javier Prieto","twitter_card":"summary_large_image","twitter_creator":"@FlotaLaMacarena","twitter_site":"@FlotaLaMacarena","twitter_misc":{"Escrito por":"Javier Prieto","Tiempo de lectura":"1 minuto"},"schema":{"@context":"https:\/\/schema.org","@graph":[{"@type":"Article","@id":"https:\/\/www.flotalamacarena.com\/inicio\/festival-la-meseta-de-oro-en-mesetas-meta\/#article","isPartOf":{"@id":"https:\/\/www.flotalamacarena.com\/inicio\/festival-la-meseta-de-oro-en-mesetas-meta\/"},"author":{"name":"Javier Prieto","@id":"https:\/\/www.flotalamacarena.com\/inicio\/#\/schema\/person\/4c1a42f2560c0abd62779e7bd0868f33"},"headline":"Festival &#8216;La Meseta de Oro&#8217; en Mesetas, Meta: \u00a1Programaci\u00f3n Completa del 24 al 26 de Octubre!","datePublished":"2025-10-24T20:05:40+00:00","dateModified":"2025-10-24T20:26:50+00:00","mainEntityOfPage":{"@id":"https:\/\/www.flotalamacarena.com\/inicio\/festival-la-meseta-de-oro-en-mesetas-meta\/"},"wordCount":15,"publisher":{"@id":"https:\/\/www.flotalamacarena.com\/inicio\/#organization"},"image":{"@id":"https:\/\/www.flotalamacarena.com\/inicio\/festival-la-meseta-de-oro-en-mesetas-meta\/#primaryimage"},"thumbnailUrl":"https:\/\/www.flotalamacarena.com\/wp-content\/uploads\/2025\/10\/Festival-La-Meseta-de-Oro-en-Mesetas.jpg","articleSection":{"0":"Blog","1":"Destinos Colombia","2":"Destinos Flota La Macarena","3":"Ferias y Fiestas","4":"Llanos Orientales","6":"Turismo en el Meta"},"inLanguage":"es-CO"},{"@type":"WebPage","@id":"https:\/\/www.flotalamacarena.com\/inicio\/festival-la-meseta-de-oro-en-mesetas-meta\/","url":"https:\/\/www.flotalamacarena.com\/inicio\/festival-la-meseta-de-oro-en-mesetas-meta\/","name":"Festival 'La Meseta de Oro' en Mesetas, Meta - Flota La Macarena S.A","isPartOf":{"@id":"https:\/\/www.flotalamacarena.com\/inicio\/#website"},"primaryImageOfPage":{"@id":"https:\/\/www.flotalamacarena.com\/inicio\/festival-la-meseta-de-oro-en-mesetas-meta\/#primaryimage"},"image":{"@id":"https:\/\/www.flotalamacarena.com\/inicio\/festival-la-meseta-de-oro-en-mesetas-meta\/#primaryimage"},"thumbnailUrl":"https:\/\/www.flotalamacarena.com\/wp-content\/uploads\/2025\/10\/Festival-La-Meseta-de-Oro-en-Mesetas.jpg","datePublished":"2025-10-24T20:05:40+00:00","dateModified":"2025-10-24T20:26:50+00:00","description":"\u00a1Mesetas se viste de fiesta! Conoce la programaci\u00f3n completa del XX Festival Folcl\u00f3rico y Tur\u00edstico 'La Meseta de Oro' 2025. \u00a1Flota La Macarena te lleva!","breadcrumb":{"@id":"https:\/\/www.flotalamacarena.com\/inicio\/festival-la-meseta-de-oro-en-mesetas-meta\/#breadcrumb"},"inLanguage":"es-CO","potentialAction":[{"@type":"ReadAction","target":["https:\/\/www.flotalamacarena.com\/inicio\/festival-la-meseta-de-oro-en-mesetas-meta\/"]}]},{"@type":"ImageObject","inLanguage":"es-CO","@id":"https:\/\/www.flotalamacarena.com\/inicio\/festival-la-meseta-de-oro-en-mesetas-meta\/#primaryimage","url":"https:\/\/www.flotalamacarena.com\/wp-content\/uploads\/2025\/10\/Festival-La-Meseta-de-Oro-en-Mesetas.jpg","contentUrl":"https:\/\/www.flotalamacarena.com\/wp-content\/uploads\/2025\/10\/Festival-La-Meseta-de-Oro-en-Mesetas.jpg","width":1442,"height":594,"caption":"Festival 'La Meseta de Oro' en Mesetas"},{"@type":"BreadcrumbList","@id":"https:\/\/www.flotalamacarena.com\/inicio\/festival-la-meseta-de-oro-en-mesetas-meta\/#breadcrumb","itemListElement":[{"@type":"ListItem","position":1,"name":"Inicio","item":"https:\/\/www.flotalamacarena.com\/inicio\/"},{"@type":"ListItem","position":2,"name":"Festival &#8216;La Meseta de Oro&#8217; en Mesetas, Meta: \u00a1Programaci\u00f3n Completa del 24 al 26 de Octubre!"}]},{"@type":"WebSite","@id":"https:\/\/www.flotalamacarena.com\/inicio\/#website","url":"https:\/\/www.flotalamacarena.com\/inicio\/","name":"Flota La Macarena S.A","description":"","publisher":{"@id":"https:\/\/www.flotalamacarena.com\/inicio\/#organization"},"potentialAction":[{"@type":"SearchAction","target":{"@type":"EntryPoint","urlTemplate":"https:\/\/www.flotalamacarena.com\/inicio\/?s={search_term_string}"},"query-input":{"@type":"PropertyValueSpecification","valueRequired":true,"valueName":"search_term_string"}}],"inLanguage":"es-CO"},{"@type":"Organization","@id":"https:\/\/www.flotalamacarena.com\/inicio\/#organization","name":"Flota La Macarena S.A","url":"https:\/\/www.flotalamacarena.com\/inicio\/","logo":{"@type":"ImageObject","inLanguage":"es-CO","@id":"https:\/\/www.flotalamacarena.com\/inicio\/#\/schema\/logo\/image\/","url":"https:\/\/www.flotalamacarena.com\/wp-content\/uploads\/2024\/03\/LOGO_FLM.png","contentUrl":"https:\/\/www.flotalamacarena.com\/wp-content\/uploads\/2024\/03\/LOGO_FLM.png","width":450,"height":167,"caption":"Flota La Macarena S.A"},"image":{"@id":"https:\/\/www.flotalamacarena.com\/inicio\/#\/schema\/logo\/image\/"},"sameAs":["https:\/\/www.facebook.com\/flota.lamacarenasa\/","https:\/\/x.com\/FlotaLaMacarena","https:\/\/www.youtube.com\/@flotalamacarena6335","https:\/\/www.instagram.com\/flota_la_macarena\/","https:\/\/www.linkedin.com\/company\/flota-la-macarena-s-a\/"]},{"@type":"Person","@id":"https:\/\/www.flotalamacarena.com\/inicio\/#\/schema\/person\/4c1a42f2560c0abd62779e7bd0868f33","name":"Javier Prieto","url":"https:\/\/www.flotalamacarena.com\/inicio\/author\/mastersite\/"}]}},"_links":{"self":[{"href":"https:\/\/www.flotalamacarena.com\/inicio\/wp-json\/wp\/v2\/posts\/7390","targetHints":{"allow":["GET"]}}],"collection":[{"href":"https:\/\/www.flotalamacarena.com\/inicio\/wp-json\/wp\/v2\/posts"}],"about":[{"href":"https:\/\/www.flotalamacarena.com\/inicio\/wp-json\/wp\/v2\/types\/post"}],"author":[{"embeddable":true,"href":"https:\/\/www.flotalamacarena.com\/inicio\/wp-json\/wp\/v2\/users\/3"}],"replies":[{"embeddable":true,"href":"https:\/\/www.flotalamacarena.com\/inicio\/wp-json\/wp\/v2\/comments?post=7390"}],"version-history":[{"count":1,"href":"https:\/\/www.flotalamacarena.com\/inicio\/wp-json\/wp\/v2\/posts\/7390\/revisions"}],"predecessor-version":[{"id":7391,"href":"https:\/\/www.flotalamacarena.com\/inicio\/wp-json\/wp\/v2\/posts\/7390\/revisions\/7391"}],"wp:featuredmedia":[{"embeddable":true,"href":"https:\/\/www.flotalamacarena.com\/inicio\/wp-json\/wp\/v2\/media\/7392"}],"wp:attachment":[{"href":"https:\/\/www.flotalamacarena.com\/inicio\/wp-json\/wp\/v2\/media?parent=7390"}],"wp:term":[{"taxonomy":"category","embeddable":true,"href":"https:\/\/www.flotalamacarena.com\/inicio\/wp-json\/wp\/v2\/categories?post=7390"},{"taxonomy":"post_tag","embeddable":true,"href":"https:\/\/www.flotalamacarena.com\/inicio\/wp-json\/wp\/v2\/tags?post=7390"}],"curies":[{"name":"wp","href":"https:\/\/api.w.org\/{rel}","templated":true}]}}