{"id":5376,"date":"2025-08-11T15:48:27","date_gmt":"2025-08-11T20:48:27","guid":{"rendered":"https:\/\/www.flotalamacarena.com\/inicio\/?p=5376"},"modified":"2025-08-11T16:10:32","modified_gmt":"2025-08-11T21:10:32","slug":"festival-del-canoero-2025-en-puerto-lopez-meta","status":"publish","type":"post","link":"https:\/\/www.flotalamacarena.com\/inicio\/festival-del-canoero-2025-en-puerto-lopez-meta\/","title":{"rendered":"\u00a1No te pierdas el Festival del Canoero 2025 en Puerto L\u00f3pez, Meta!"},"content":{"rendered":"","protected":false},"excerpt":{"rendered":"","protected":false},"author":3,"featured_media":5383,"comment_status":"closed","ping_status":"closed","sticky":false,"template":"","format":"standard","meta":{"_acf_changed":false,"footnotes":""},"categories":[43,162,180,153,57,105,140,104,285],"tags":[62,359,68,361,358,354,77,74,60,355,357,76,72,91,360,356],"class_list":["post-5376","post","type-post","status-publish","format-standard","has-post-thumbnail","hentry","category-blog","category-destinos-colombia","category-destinos-flota-la-macarena","category-destinos-recomendados","category-ferias-y-fiestas","category-llanos-orientales","category-musica-y-cultura","category-turismo-en-colombia","category-turismo-en-el-meta","tag-cultura-llanera","tag-danilo-barrera","tag-eventos-culturales","tag-eventos-en-colombia","tag-festival-de-coleo","tag-festival-del-canoero","tag-flota-la-macarena","tag-musica-en-vivo","tag-musica-llanera","tag-puerto-lopez","tag-silvestre-dangond","tag-tradiciones","tag-turismo","tag-turismo-en-meta","tag-viajar-a-puerto-lopez","tag-yeison-jimenez"],"acf":[],"yoast_head":"<!-- This site is optimized with the Yoast SEO plugin v27.5 - https:\/\/yoast.com\/product\/yoast-seo-wordpress\/ -->\n<title>Festival del Canoero 2025: Programaci\u00f3n y C\u00f3mo llegar - Flota La Macarena S.A<\/title>\n<meta name=\"description\" content=\"Festival del Canoero 2025 en Puerto L\u00f3pez, conoce la programaci\u00f3n: Silvestre Dangond, Yeison Jim\u00e9nez y m\u00e1s. Viaja con Flota La Macarena.\" \/>\n<meta name=\"robots\" content=\"index, follow, max-snippet:-1, max-image-preview:large, max-video-preview:-1\" \/>\n<link rel=\"canonical\" href=\"https:\/\/www.flotalamacarena.com\/inicio\/festival-del-canoero-2025-en-puerto-lopez-meta\/\" \/>\n<meta property=\"og:locale\" content=\"es_ES\" \/>\n<meta property=\"og:type\" content=\"article\" \/>\n<meta property=\"og:title\" content=\"Festival del Canoero 2025: Programaci\u00f3n y C\u00f3mo llegar - Flota La Macarena S.A\" \/>\n<meta property=\"og:description\" content=\"Festival del Canoero 2025 en Puerto L\u00f3pez, conoce la programaci\u00f3n: Silvestre Dangond, Yeison Jim\u00e9nez y m\u00e1s. Viaja con Flota La Macarena.\" \/>\n<meta property=\"og:url\" content=\"https:\/\/www.flotalamacarena.com\/inicio\/festival-del-canoero-2025-en-puerto-lopez-meta\/\" \/>\n<meta property=\"og:site_name\" content=\"Flota La Macarena S.A\" \/>\n<meta property=\"article:publisher\" content=\"https:\/\/www.facebook.com\/flota.lamacarenasa\/\" \/>\n<meta property=\"article:published_time\" content=\"2025-08-11T20:48:27+00:00\" \/>\n<meta property=\"article:modified_time\" content=\"2025-08-11T21:10:32+00:00\" \/>\n<meta property=\"og:image\" content=\"https:\/\/www.flotalamacarena.com\/wp-content\/uploads\/2025\/08\/Festival-del-Canoero.webp\" \/>\n\t<meta property=\"og:image:width\" content=\"1442\" \/>\n\t<meta property=\"og:image:height\" content=\"594\" \/>\n\t<meta property=\"og:image:type\" content=\"image\/webp\" \/>\n<meta name=\"author\" content=\"Javier Prieto\" \/>\n<meta name=\"twitter:card\" content=\"summary_large_image\" \/>\n<meta name=\"twitter:creator\" content=\"@FlotaLaMacarena\" \/>\n<meta name=\"twitter:site\" content=\"@FlotaLaMacarena\" \/>\n<meta name=\"twitter:label1\" content=\"Escrito por\" \/>\n\t<meta name=\"twitter:data1\" content=\"Javier Prieto\" \/>\n\t<meta name=\"twitter:label2\" content=\"Tiempo de lectura\" \/>\n\t<meta name=\"twitter:data2\" content=\"1 minuto\" \/>\n<script type=\"application\/ld+json\" class=\"yoast-schema-graph\">{\"@context\":\"https:\\\/\\\/schema.org\",\"@graph\":[{\"@type\":\"Article\",\"@id\":\"https:\\\/\\\/www.flotalamacarena.com\\\/inicio\\\/festival-del-canoero-2025-en-puerto-lopez-meta\\\/#article\",\"isPartOf\":{\"@id\":\"https:\\\/\\\/www.flotalamacarena.com\\\/inicio\\\/festival-del-canoero-2025-en-puerto-lopez-meta\\\/\"},\"author\":{\"name\":\"Javier Prieto\",\"@id\":\"https:\\\/\\\/www.flotalamacarena.com\\\/inicio\\\/#\\\/schema\\\/person\\\/4c1a42f2560c0abd62779e7bd0868f33\"},\"headline\":\"\u00a1No te pierdas el Festival del Canoero 2025 en Puerto L\u00f3pez, Meta!\",\"datePublished\":\"2025-08-11T20:48:27+00:00\",\"dateModified\":\"2025-08-11T21:10:32+00:00\",\"mainEntityOfPage\":{\"@id\":\"https:\\\/\\\/www.flotalamacarena.com\\\/inicio\\\/festival-del-canoero-2025-en-puerto-lopez-meta\\\/\"},\"wordCount\":12,\"publisher\":{\"@id\":\"https:\\\/\\\/www.flotalamacarena.com\\\/inicio\\\/#organization\"},\"image\":{\"@id\":\"https:\\\/\\\/www.flotalamacarena.com\\\/inicio\\\/festival-del-canoero-2025-en-puerto-lopez-meta\\\/#primaryimage\"},\"thumbnailUrl\":\"https:\\\/\\\/www.flotalamacarena.com\\\/wp-content\\\/uploads\\\/2025\\\/08\\\/Festival-del-Canoero.webp\",\"keywords\":[\"cultura llanera\",\"Danilo Barrera\",\"eventos culturales\",\"Eventos en Colombia\",\"Festival de coleo\",\"Festival del Canoero\",\"Flota La Macarena\",\"m\u00fasica en vivo\",\"m\u00fasica llanera\",\"Puerto L\u00f3pez\",\"Silvestre Dangond\",\"tradiciones\",\"turismo\",\"Turismo en Meta\",\"Viajar a Puerto L\u00f3pez\",\"Yeison Jim\u00e9nez\"],\"articleSection\":[\"Blog\",\"Destinos Colombia\",\"Destinos Flota La Macarena\",\"Destinos Recomendados\",\"Ferias y Fiestas\",\"Llanos Orientales\",\"M\u00fasica y Cultura\",\"Turismo en Colombia\",\"Turismo en el Meta\"],\"inLanguage\":\"es-CO\"},{\"@type\":\"WebPage\",\"@id\":\"https:\\\/\\\/www.flotalamacarena.com\\\/inicio\\\/festival-del-canoero-2025-en-puerto-lopez-meta\\\/\",\"url\":\"https:\\\/\\\/www.flotalamacarena.com\\\/inicio\\\/festival-del-canoero-2025-en-puerto-lopez-meta\\\/\",\"name\":\"Festival del Canoero 2025: Programaci\u00f3n y C\u00f3mo llegar - Flota La Macarena S.A\",\"isPartOf\":{\"@id\":\"https:\\\/\\\/www.flotalamacarena.com\\\/inicio\\\/#website\"},\"primaryImageOfPage\":{\"@id\":\"https:\\\/\\\/www.flotalamacarena.com\\\/inicio\\\/festival-del-canoero-2025-en-puerto-lopez-meta\\\/#primaryimage\"},\"image\":{\"@id\":\"https:\\\/\\\/www.flotalamacarena.com\\\/inicio\\\/festival-del-canoero-2025-en-puerto-lopez-meta\\\/#primaryimage\"},\"thumbnailUrl\":\"https:\\\/\\\/www.flotalamacarena.com\\\/wp-content\\\/uploads\\\/2025\\\/08\\\/Festival-del-Canoero.webp\",\"datePublished\":\"2025-08-11T20:48:27+00:00\",\"dateModified\":\"2025-08-11T21:10:32+00:00\",\"description\":\"Festival del Canoero 2025 en Puerto L\u00f3pez, conoce la programaci\u00f3n: Silvestre Dangond, Yeison Jim\u00e9nez y m\u00e1s. Viaja con Flota La Macarena.\",\"breadcrumb\":{\"@id\":\"https:\\\/\\\/www.flotalamacarena.com\\\/inicio\\\/festival-del-canoero-2025-en-puerto-lopez-meta\\\/#breadcrumb\"},\"inLanguage\":\"es-CO\",\"potentialAction\":[{\"@type\":\"ReadAction\",\"target\":[\"https:\\\/\\\/www.flotalamacarena.com\\\/inicio\\\/festival-del-canoero-2025-en-puerto-lopez-meta\\\/\"]}]},{\"@type\":\"ImageObject\",\"inLanguage\":\"es-CO\",\"@id\":\"https:\\\/\\\/www.flotalamacarena.com\\\/inicio\\\/festival-del-canoero-2025-en-puerto-lopez-meta\\\/#primaryimage\",\"url\":\"https:\\\/\\\/www.flotalamacarena.com\\\/wp-content\\\/uploads\\\/2025\\\/08\\\/Festival-del-Canoero.webp\",\"contentUrl\":\"https:\\\/\\\/www.flotalamacarena.com\\\/wp-content\\\/uploads\\\/2025\\\/08\\\/Festival-del-Canoero.webp\",\"width\":1442,\"height\":594},{\"@type\":\"BreadcrumbList\",\"@id\":\"https:\\\/\\\/www.flotalamacarena.com\\\/inicio\\\/festival-del-canoero-2025-en-puerto-lopez-meta\\\/#breadcrumb\",\"itemListElement\":[{\"@type\":\"ListItem\",\"position\":1,\"name\":\"Inicio\",\"item\":\"https:\\\/\\\/www.flotalamacarena.com\\\/inicio\\\/\"},{\"@type\":\"ListItem\",\"position\":2,\"name\":\"\u00a1No te pierdas el Festival del Canoero 2025 en Puerto L\u00f3pez, Meta!\"}]},{\"@type\":\"WebSite\",\"@id\":\"https:\\\/\\\/www.flotalamacarena.com\\\/inicio\\\/#website\",\"url\":\"https:\\\/\\\/www.flotalamacarena.com\\\/inicio\\\/\",\"name\":\"Flota La Macarena S.A\",\"description\":\"\",\"publisher\":{\"@id\":\"https:\\\/\\\/www.flotalamacarena.com\\\/inicio\\\/#organization\"},\"potentialAction\":[{\"@type\":\"SearchAction\",\"target\":{\"@type\":\"EntryPoint\",\"urlTemplate\":\"https:\\\/\\\/www.flotalamacarena.com\\\/inicio\\\/?s={search_term_string}\"},\"query-input\":{\"@type\":\"PropertyValueSpecification\",\"valueRequired\":true,\"valueName\":\"search_term_string\"}}],\"inLanguage\":\"es-CO\"},{\"@type\":\"Organization\",\"@id\":\"https:\\\/\\\/www.flotalamacarena.com\\\/inicio\\\/#organization\",\"name\":\"Flota La Macarena S.A\",\"url\":\"https:\\\/\\\/www.flotalamacarena.com\\\/inicio\\\/\",\"logo\":{\"@type\":\"ImageObject\",\"inLanguage\":\"es-CO\",\"@id\":\"https:\\\/\\\/www.flotalamacarena.com\\\/inicio\\\/#\\\/schema\\\/logo\\\/image\\\/\",\"url\":\"https:\\\/\\\/www.flotalamacarena.com\\\/wp-content\\\/uploads\\\/2024\\\/03\\\/LOGO_FLM.png\",\"contentUrl\":\"https:\\\/\\\/www.flotalamacarena.com\\\/wp-content\\\/uploads\\\/2024\\\/03\\\/LOGO_FLM.png\",\"width\":450,\"height\":167,\"caption\":\"Flota La Macarena S.A\"},\"image\":{\"@id\":\"https:\\\/\\\/www.flotalamacarena.com\\\/inicio\\\/#\\\/schema\\\/logo\\\/image\\\/\"},\"sameAs\":[\"https:\\\/\\\/www.facebook.com\\\/flota.lamacarenasa\\\/\",\"https:\\\/\\\/x.com\\\/FlotaLaMacarena\",\"https:\\\/\\\/www.youtube.com\\\/@flotalamacarena6335\",\"https:\\\/\\\/www.instagram.com\\\/flota_la_macarena\\\/\",\"https:\\\/\\\/www.linkedin.com\\\/company\\\/flota-la-macarena-s-a\\\/\"]},{\"@type\":\"Person\",\"@id\":\"https:\\\/\\\/www.flotalamacarena.com\\\/inicio\\\/#\\\/schema\\\/person\\\/4c1a42f2560c0abd62779e7bd0868f33\",\"name\":\"Javier Prieto\",\"url\":\"https:\\\/\\\/www.flotalamacarena.com\\\/inicio\\\/author\\\/mastersite\\\/\"}]}<\/script>\n<!-- \/ Yoast SEO plugin. -->","yoast_head_json":{"title":"Festival del Canoero 2025: Programaci\u00f3n y C\u00f3mo llegar - Flota La Macarena S.A","description":"Festival del Canoero 2025 en Puerto L\u00f3pez, conoce la programaci\u00f3n: Silvestre Dangond, Yeison Jim\u00e9nez y m\u00e1s. Viaja con Flota La Macarena.","robots":{"index":"index","follow":"follow","max-snippet":"max-snippet:-1","max-image-preview":"max-image-preview:large","max-video-preview":"max-video-preview:-1"},"canonical":"https:\/\/www.flotalamacarena.com\/inicio\/festival-del-canoero-2025-en-puerto-lopez-meta\/","og_locale":"es_ES","og_type":"article","og_title":"Festival del Canoero 2025: Programaci\u00f3n y C\u00f3mo llegar - Flota La Macarena S.A","og_description":"Festival del Canoero 2025 en Puerto L\u00f3pez, conoce la programaci\u00f3n: Silvestre Dangond, Yeison Jim\u00e9nez y m\u00e1s. Viaja con Flota La Macarena.","og_url":"https:\/\/www.flotalamacarena.com\/inicio\/festival-del-canoero-2025-en-puerto-lopez-meta\/","og_site_name":"Flota La Macarena S.A","article_publisher":"https:\/\/www.facebook.com\/flota.lamacarenasa\/","article_published_time":"2025-08-11T20:48:27+00:00","article_modified_time":"2025-08-11T21:10:32+00:00","og_image":[{"width":1442,"height":594,"url":"https:\/\/www.flotalamacarena.com\/wp-content\/uploads\/2025\/08\/Festival-del-Canoero.webp","type":"image\/webp"}],"author":"Javier Prieto","twitter_card":"summary_large_image","twitter_creator":"@FlotaLaMacarena","twitter_site":"@FlotaLaMacarena","twitter_misc":{"Escrito por":"Javier Prieto","Tiempo de lectura":"1 minuto"},"schema":{"@context":"https:\/\/schema.org","@graph":[{"@type":"Article","@id":"https:\/\/www.flotalamacarena.com\/inicio\/festival-del-canoero-2025-en-puerto-lopez-meta\/#article","isPartOf":{"@id":"https:\/\/www.flotalamacarena.com\/inicio\/festival-del-canoero-2025-en-puerto-lopez-meta\/"},"author":{"name":"Javier Prieto","@id":"https:\/\/www.flotalamacarena.com\/inicio\/#\/schema\/person\/4c1a42f2560c0abd62779e7bd0868f33"},"headline":"\u00a1No te pierdas el Festival del Canoero 2025 en Puerto L\u00f3pez, Meta!","datePublished":"2025-08-11T20:48:27+00:00","dateModified":"2025-08-11T21:10:32+00:00","mainEntityOfPage":{"@id":"https:\/\/www.flotalamacarena.com\/inicio\/festival-del-canoero-2025-en-puerto-lopez-meta\/"},"wordCount":12,"publisher":{"@id":"https:\/\/www.flotalamacarena.com\/inicio\/#organization"},"image":{"@id":"https:\/\/www.flotalamacarena.com\/inicio\/festival-del-canoero-2025-en-puerto-lopez-meta\/#primaryimage"},"thumbnailUrl":"https:\/\/www.flotalamacarena.com\/wp-content\/uploads\/2025\/08\/Festival-del-Canoero.webp","keywords":["cultura llanera","Danilo Barrera","eventos culturales","Eventos en Colombia","Festival de coleo","Festival del Canoero","Flota La Macarena","m\u00fasica en vivo","m\u00fasica llanera","Puerto L\u00f3pez","Silvestre Dangond","tradiciones","turismo","Turismo en Meta","Viajar a Puerto L\u00f3pez","Yeison Jim\u00e9nez"],"articleSection":["Blog","Destinos Colombia","Destinos Flota La Macarena","Destinos Recomendados","Ferias y Fiestas","Llanos Orientales","M\u00fasica y Cultura","Turismo en Colombia","Turismo en el Meta"],"inLanguage":"es-CO"},{"@type":"WebPage","@id":"https:\/\/www.flotalamacarena.com\/inicio\/festival-del-canoero-2025-en-puerto-lopez-meta\/","url":"https:\/\/www.flotalamacarena.com\/inicio\/festival-del-canoero-2025-en-puerto-lopez-meta\/","name":"Festival del Canoero 2025: Programaci\u00f3n y C\u00f3mo llegar - Flota La Macarena S.A","isPartOf":{"@id":"https:\/\/www.flotalamacarena.com\/inicio\/#website"},"primaryImageOfPage":{"@id":"https:\/\/www.flotalamacarena.com\/inicio\/festival-del-canoero-2025-en-puerto-lopez-meta\/#primaryimage"},"image":{"@id":"https:\/\/www.flotalamacarena.com\/inicio\/festival-del-canoero-2025-en-puerto-lopez-meta\/#primaryimage"},"thumbnailUrl":"https:\/\/www.flotalamacarena.com\/wp-content\/uploads\/2025\/08\/Festival-del-Canoero.webp","datePublished":"2025-08-11T20:48:27+00:00","dateModified":"2025-08-11T21:10:32+00:00","description":"Festival del Canoero 2025 en Puerto L\u00f3pez, conoce la programaci\u00f3n: Silvestre Dangond, Yeison Jim\u00e9nez y m\u00e1s. Viaja con Flota La Macarena.","breadcrumb":{"@id":"https:\/\/www.flotalamacarena.com\/inicio\/festival-del-canoero-2025-en-puerto-lopez-meta\/#breadcrumb"},"inLanguage":"es-CO","potentialAction":[{"@type":"ReadAction","target":["https:\/\/www.flotalamacarena.com\/inicio\/festival-del-canoero-2025-en-puerto-lopez-meta\/"]}]},{"@type":"ImageObject","inLanguage":"es-CO","@id":"https:\/\/www.flotalamacarena.com\/inicio\/festival-del-canoero-2025-en-puerto-lopez-meta\/#primaryimage","url":"https:\/\/www.flotalamacarena.com\/wp-content\/uploads\/2025\/08\/Festival-del-Canoero.webp","contentUrl":"https:\/\/www.flotalamacarena.com\/wp-content\/uploads\/2025\/08\/Festival-del-Canoero.webp","width":1442,"height":594},{"@type":"BreadcrumbList","@id":"https:\/\/www.flotalamacarena.com\/inicio\/festival-del-canoero-2025-en-puerto-lopez-meta\/#breadcrumb","itemListElement":[{"@type":"ListItem","position":1,"name":"Inicio","item":"https:\/\/www.flotalamacarena.com\/inicio\/"},{"@type":"ListItem","position":2,"name":"\u00a1No te pierdas el Festival del Canoero 2025 en Puerto L\u00f3pez, Meta!"}]},{"@type":"WebSite","@id":"https:\/\/www.flotalamacarena.com\/inicio\/#website","url":"https:\/\/www.flotalamacarena.com\/inicio\/","name":"Flota La Macarena S.A","description":"","publisher":{"@id":"https:\/\/www.flotalamacarena.com\/inicio\/#organization"},"potentialAction":[{"@type":"SearchAction","target":{"@type":"EntryPoint","urlTemplate":"https:\/\/www.flotalamacarena.com\/inicio\/?s={search_term_string}"},"query-input":{"@type":"PropertyValueSpecification","valueRequired":true,"valueName":"search_term_string"}}],"inLanguage":"es-CO"},{"@type":"Organization","@id":"https:\/\/www.flotalamacarena.com\/inicio\/#organization","name":"Flota La Macarena S.A","url":"https:\/\/www.flotalamacarena.com\/inicio\/","logo":{"@type":"ImageObject","inLanguage":"es-CO","@id":"https:\/\/www.flotalamacarena.com\/inicio\/#\/schema\/logo\/image\/","url":"https:\/\/www.flotalamacarena.com\/wp-content\/uploads\/2024\/03\/LOGO_FLM.png","contentUrl":"https:\/\/www.flotalamacarena.com\/wp-content\/uploads\/2024\/03\/LOGO_FLM.png","width":450,"height":167,"caption":"Flota La Macarena S.A"},"image":{"@id":"https:\/\/www.flotalamacarena.com\/inicio\/#\/schema\/logo\/image\/"},"sameAs":["https:\/\/www.facebook.com\/flota.lamacarenasa\/","https:\/\/x.com\/FlotaLaMacarena","https:\/\/www.youtube.com\/@flotalamacarena6335","https:\/\/www.instagram.com\/flota_la_macarena\/","https:\/\/www.linkedin.com\/company\/flota-la-macarena-s-a\/"]},{"@type":"Person","@id":"https:\/\/www.flotalamacarena.com\/inicio\/#\/schema\/person\/4c1a42f2560c0abd62779e7bd0868f33","name":"Javier Prieto","url":"https:\/\/www.flotalamacarena.com\/inicio\/author\/mastersite\/"}]}},"_links":{"self":[{"href":"https:\/\/www.flotalamacarena.com\/inicio\/wp-json\/wp\/v2\/posts\/5376","targetHints":{"allow":["GET"]}}],"collection":[{"href":"https:\/\/www.flotalamacarena.com\/inicio\/wp-json\/wp\/v2\/posts"}],"about":[{"href":"https:\/\/www.flotalamacarena.com\/inicio\/wp-json\/wp\/v2\/types\/post"}],"author":[{"embeddable":true,"href":"https:\/\/www.flotalamacarena.com\/inicio\/wp-json\/wp\/v2\/users\/3"}],"replies":[{"embeddable":true,"href":"https:\/\/www.flotalamacarena.com\/inicio\/wp-json\/wp\/v2\/comments?post=5376"}],"version-history":[{"count":1,"href":"https:\/\/www.flotalamacarena.com\/inicio\/wp-json\/wp\/v2\/posts\/5376\/revisions"}],"predecessor-version":[{"id":5377,"href":"https:\/\/www.flotalamacarena.com\/inicio\/wp-json\/wp\/v2\/posts\/5376\/revisions\/5377"}],"wp:featuredmedia":[{"embeddable":true,"href":"https:\/\/www.flotalamacarena.com\/inicio\/wp-json\/wp\/v2\/media\/5383"}],"wp:attachment":[{"href":"https:\/\/www.flotalamacarena.com\/inicio\/wp-json\/wp\/v2\/media?parent=5376"}],"wp:term":[{"taxonomy":"category","embeddable":true,"href":"https:\/\/www.flotalamacarena.com\/inicio\/wp-json\/wp\/v2\/categories?post=5376"},{"taxonomy":"post_tag","embeddable":true,"href":"https:\/\/www.flotalamacarena.com\/inicio\/wp-json\/wp\/v2\/tags?post=5376"}],"curies":[{"name":"wp","href":"https:\/\/api.w.org\/{rel}","templated":true}]}}