{"id":4878,"date":"2025-05-30T14:33:17","date_gmt":"2025-05-30T19:33:17","guid":{"rendered":"https:\/\/www.flotalamacarena.com\/inicio\/?p=4878"},"modified":"2025-05-30T15:14:19","modified_gmt":"2025-05-30T20:14:19","slug":"vive-la-tradicion-en-las-ferias-y-fiestas-de-mitaca-en-guayata-2025-un-destino-imperdible-con-flota-la-macarena","status":"publish","type":"post","link":"https:\/\/www.flotalamacarena.com\/inicio\/vive-la-tradicion-en-las-ferias-y-fiestas-de-mitaca-en-guayata-2025-un-destino-imperdible-con-flota-la-macarena\/","title":{"rendered":"\u00a1Vive la Tradici\u00f3n en las Ferias y Fiestas de Mitaca en Guayat\u00e1 2025: Un Destino Imperdible con Flota La Macarena!"},"content":{"rendered":"","protected":false},"excerpt":{"rendered":"","protected":false},"author":3,"featured_media":4886,"comment_status":"closed","ping_status":"closed","sticky":false,"template":"","format":"standard","meta":{"_acf_changed":false,"footnotes":""},"categories":[43,162,180,57,114],"tags":[239,251,252,246,242,238,248,77,120,240,250,241,237,247,249,245,243,253,244],"class_list":["post-4878","post","type-post","status-publish","format-standard","has-post-thumbnail","hentry","category-blog","category-destinos-colombia","category-destinos-flota-la-macarena","category-ferias-y-fiestas","category-turismo-en-boyaca","tag-boyaca-fiestas-guayata-2025","tag-cabalgata-guayata","tag-celebracion-mitaca","tag-cultura-campesina","tag-eventos-boyaca","tag-ferias-y-fiestas-de-mitaca-en-guayata","tag-fiestas-tradicionales-colombia","tag-flota-la-macarena","tag-gastronomia-boyacense","tag-guayata","tag-mercado-campesino","tag-mitaca-2025","tag-pasajes-a-guayata","tag-programacion-ferias-mitaca","tag-que-hacer-en-guayata","tag-transporte-a-guayata","tag-turismo-boyaca","tag-verbenas-populares","tag-viajar-a-guayata"],"acf":[],"yoast_head":"<!-- This site is optimized with the Yoast SEO plugin v27.5 - https:\/\/yoast.com\/product\/yoast-seo-wordpress\/ -->\n<title>Ferias y Fiestas de Mitaca en Guayat\u00e1 2025 - Flota La Macarena S.A<\/title>\n<meta name=\"description\" content=\"Descubre la programaci\u00f3n completa de las Ferias y Fiestas de Mitaca en Guayat\u00e1 2025. \u00a1Viaja con Flota La Macarena!\" \/>\n<meta name=\"robots\" content=\"index, follow, max-snippet:-1, max-image-preview:large, max-video-preview:-1\" \/>\n<link rel=\"canonical\" href=\"https:\/\/www.flotalamacarena.com\/inicio\/vive-la-tradicion-en-las-ferias-y-fiestas-de-mitaca-en-guayata-2025-un-destino-imperdible-con-flota-la-macarena\/\" \/>\n<meta property=\"og:locale\" content=\"es_ES\" \/>\n<meta property=\"og:type\" content=\"article\" \/>\n<meta property=\"og:title\" content=\"Ferias y Fiestas de Mitaca en Guayat\u00e1 2025 - Flota La Macarena S.A\" \/>\n<meta property=\"og:description\" content=\"Descubre la programaci\u00f3n completa de las Ferias y Fiestas de Mitaca en Guayat\u00e1 2025. \u00a1Viaja con Flota La Macarena!\" \/>\n<meta property=\"og:url\" content=\"https:\/\/www.flotalamacarena.com\/inicio\/vive-la-tradicion-en-las-ferias-y-fiestas-de-mitaca-en-guayata-2025-un-destino-imperdible-con-flota-la-macarena\/\" \/>\n<meta property=\"og:site_name\" content=\"Flota La Macarena S.A\" \/>\n<meta property=\"article:publisher\" content=\"https:\/\/www.facebook.com\/flota.lamacarenasa\/\" \/>\n<meta property=\"article:published_time\" content=\"2025-05-30T19:33:17+00:00\" \/>\n<meta property=\"article:modified_time\" content=\"2025-05-30T20:14:19+00:00\" \/>\n<meta property=\"og:image\" content=\"https:\/\/www.flotalamacarena.com\/wp-content\/uploads\/2025\/05\/Guayata.webp\" \/>\n\t<meta property=\"og:image:width\" content=\"1442\" \/>\n\t<meta property=\"og:image:height\" content=\"594\" \/>\n\t<meta property=\"og:image:type\" content=\"image\/webp\" \/>\n<meta name=\"author\" content=\"Javier Prieto\" \/>\n<meta name=\"twitter:card\" content=\"summary_large_image\" \/>\n<meta name=\"twitter:creator\" content=\"@FlotaLaMacarena\" \/>\n<meta name=\"twitter:site\" content=\"@FlotaLaMacarena\" \/>\n<meta name=\"twitter:label1\" content=\"Escrito por\" \/>\n\t<meta name=\"twitter:data1\" content=\"Javier Prieto\" \/>\n\t<meta name=\"twitter:label2\" content=\"Tiempo de lectura\" \/>\n\t<meta name=\"twitter:data2\" content=\"1 minuto\" \/>\n<script type=\"application\/ld+json\" class=\"yoast-schema-graph\">{\"@context\":\"https:\\\/\\\/schema.org\",\"@graph\":[{\"@type\":\"Article\",\"@id\":\"https:\\\/\\\/www.flotalamacarena.com\\\/inicio\\\/vive-la-tradicion-en-las-ferias-y-fiestas-de-mitaca-en-guayata-2025-un-destino-imperdible-con-flota-la-macarena\\\/#article\",\"isPartOf\":{\"@id\":\"https:\\\/\\\/www.flotalamacarena.com\\\/inicio\\\/vive-la-tradicion-en-las-ferias-y-fiestas-de-mitaca-en-guayata-2025-un-destino-imperdible-con-flota-la-macarena\\\/\"},\"author\":{\"name\":\"Javier Prieto\",\"@id\":\"https:\\\/\\\/www.flotalamacarena.com\\\/inicio\\\/#\\\/schema\\\/person\\\/4c1a42f2560c0abd62779e7bd0868f33\"},\"headline\":\"\u00a1Vive la Tradici\u00f3n en las Ferias y Fiestas de Mitaca en Guayat\u00e1 2025: Un Destino Imperdible con Flota La Macarena!\",\"datePublished\":\"2025-05-30T19:33:17+00:00\",\"dateModified\":\"2025-05-30T20:14:19+00:00\",\"mainEntityOfPage\":{\"@id\":\"https:\\\/\\\/www.flotalamacarena.com\\\/inicio\\\/vive-la-tradicion-en-las-ferias-y-fiestas-de-mitaca-en-guayata-2025-un-destino-imperdible-con-flota-la-macarena\\\/\"},\"wordCount\":20,\"publisher\":{\"@id\":\"https:\\\/\\\/www.flotalamacarena.com\\\/inicio\\\/#organization\"},\"image\":{\"@id\":\"https:\\\/\\\/www.flotalamacarena.com\\\/inicio\\\/vive-la-tradicion-en-las-ferias-y-fiestas-de-mitaca-en-guayata-2025-un-destino-imperdible-con-flota-la-macarena\\\/#primaryimage\"},\"thumbnailUrl\":\"https:\\\/\\\/www.flotalamacarena.com\\\/wp-content\\\/uploads\\\/2025\\\/05\\\/Guayata.webp\",\"keywords\":[\"Boyac\u00e1 Fiestas Guayat\u00e1 2025\",\"Cabalgata Guayat\u00e1\",\"Celebraci\u00f3n Mitaca\",\"Cultura Campesina\",\"Eventos Boyac\u00e1\",\"Ferias y Fiestas de Mitaca en Guayat\u00e1\",\"Fiestas Tradicionales Colombia\",\"Flota La Macarena\",\"Gastronom\u00eda Boyacense\",\"Guayat\u00e1\",\"Mercado Campesino\",\"Mitaca 2025\",\"Pasajes a Guayata\",\"Programaci\u00f3n Ferias Mitaca\",\"Que hacer en Guayat\u00e1\",\"Transporte a Guayat\u00e1\",\"Turismo Boyac\u00e1\",\"Verbenas Populares\",\"Viajar a Guayat\u00e1\"],\"articleSection\":[\"Blog\",\"Destinos Colombia\",\"Destinos Flota La Macarena\",\"Ferias y Fiestas\",\"Turismo en Boyac\u00e1\"],\"inLanguage\":\"es-CO\"},{\"@type\":\"WebPage\",\"@id\":\"https:\\\/\\\/www.flotalamacarena.com\\\/inicio\\\/vive-la-tradicion-en-las-ferias-y-fiestas-de-mitaca-en-guayata-2025-un-destino-imperdible-con-flota-la-macarena\\\/\",\"url\":\"https:\\\/\\\/www.flotalamacarena.com\\\/inicio\\\/vive-la-tradicion-en-las-ferias-y-fiestas-de-mitaca-en-guayata-2025-un-destino-imperdible-con-flota-la-macarena\\\/\",\"name\":\"Ferias y Fiestas de Mitaca en Guayat\u00e1 2025 - Flota La Macarena S.A\",\"isPartOf\":{\"@id\":\"https:\\\/\\\/www.flotalamacarena.com\\\/inicio\\\/#website\"},\"primaryImageOfPage\":{\"@id\":\"https:\\\/\\\/www.flotalamacarena.com\\\/inicio\\\/vive-la-tradicion-en-las-ferias-y-fiestas-de-mitaca-en-guayata-2025-un-destino-imperdible-con-flota-la-macarena\\\/#primaryimage\"},\"image\":{\"@id\":\"https:\\\/\\\/www.flotalamacarena.com\\\/inicio\\\/vive-la-tradicion-en-las-ferias-y-fiestas-de-mitaca-en-guayata-2025-un-destino-imperdible-con-flota-la-macarena\\\/#primaryimage\"},\"thumbnailUrl\":\"https:\\\/\\\/www.flotalamacarena.com\\\/wp-content\\\/uploads\\\/2025\\\/05\\\/Guayata.webp\",\"datePublished\":\"2025-05-30T19:33:17+00:00\",\"dateModified\":\"2025-05-30T20:14:19+00:00\",\"description\":\"Descubre la programaci\u00f3n completa de las Ferias y Fiestas de Mitaca en Guayat\u00e1 2025. \u00a1Viaja con Flota La Macarena!\",\"breadcrumb\":{\"@id\":\"https:\\\/\\\/www.flotalamacarena.com\\\/inicio\\\/vive-la-tradicion-en-las-ferias-y-fiestas-de-mitaca-en-guayata-2025-un-destino-imperdible-con-flota-la-macarena\\\/#breadcrumb\"},\"inLanguage\":\"es-CO\",\"potentialAction\":[{\"@type\":\"ReadAction\",\"target\":[\"https:\\\/\\\/www.flotalamacarena.com\\\/inicio\\\/vive-la-tradicion-en-las-ferias-y-fiestas-de-mitaca-en-guayata-2025-un-destino-imperdible-con-flota-la-macarena\\\/\"]}]},{\"@type\":\"ImageObject\",\"inLanguage\":\"es-CO\",\"@id\":\"https:\\\/\\\/www.flotalamacarena.com\\\/inicio\\\/vive-la-tradicion-en-las-ferias-y-fiestas-de-mitaca-en-guayata-2025-un-destino-imperdible-con-flota-la-macarena\\\/#primaryimage\",\"url\":\"https:\\\/\\\/www.flotalamacarena.com\\\/wp-content\\\/uploads\\\/2025\\\/05\\\/Guayata.webp\",\"contentUrl\":\"https:\\\/\\\/www.flotalamacarena.com\\\/wp-content\\\/uploads\\\/2025\\\/05\\\/Guayata.webp\",\"width\":1442,\"height\":594,\"caption\":\"Foto: Diego Gonz\u00e1lez \\\/ Pexels\"},{\"@type\":\"BreadcrumbList\",\"@id\":\"https:\\\/\\\/www.flotalamacarena.com\\\/inicio\\\/vive-la-tradicion-en-las-ferias-y-fiestas-de-mitaca-en-guayata-2025-un-destino-imperdible-con-flota-la-macarena\\\/#breadcrumb\",\"itemListElement\":[{\"@type\":\"ListItem\",\"position\":1,\"name\":\"Inicio\",\"item\":\"https:\\\/\\\/www.flotalamacarena.com\\\/inicio\\\/\"},{\"@type\":\"ListItem\",\"position\":2,\"name\":\"\u00a1Vive la Tradici\u00f3n en las Ferias y Fiestas de Mitaca en Guayat\u00e1 2025: Un Destino Imperdible con Flota La Macarena!\"}]},{\"@type\":\"WebSite\",\"@id\":\"https:\\\/\\\/www.flotalamacarena.com\\\/inicio\\\/#website\",\"url\":\"https:\\\/\\\/www.flotalamacarena.com\\\/inicio\\\/\",\"name\":\"Flota La Macarena S.A\",\"description\":\"\",\"publisher\":{\"@id\":\"https:\\\/\\\/www.flotalamacarena.com\\\/inicio\\\/#organization\"},\"potentialAction\":[{\"@type\":\"SearchAction\",\"target\":{\"@type\":\"EntryPoint\",\"urlTemplate\":\"https:\\\/\\\/www.flotalamacarena.com\\\/inicio\\\/?s={search_term_string}\"},\"query-input\":{\"@type\":\"PropertyValueSpecification\",\"valueRequired\":true,\"valueName\":\"search_term_string\"}}],\"inLanguage\":\"es-CO\"},{\"@type\":\"Organization\",\"@id\":\"https:\\\/\\\/www.flotalamacarena.com\\\/inicio\\\/#organization\",\"name\":\"Flota La Macarena S.A\",\"url\":\"https:\\\/\\\/www.flotalamacarena.com\\\/inicio\\\/\",\"logo\":{\"@type\":\"ImageObject\",\"inLanguage\":\"es-CO\",\"@id\":\"https:\\\/\\\/www.flotalamacarena.com\\\/inicio\\\/#\\\/schema\\\/logo\\\/image\\\/\",\"url\":\"https:\\\/\\\/www.flotalamacarena.com\\\/wp-content\\\/uploads\\\/2024\\\/03\\\/LOGO_FLM.png\",\"contentUrl\":\"https:\\\/\\\/www.flotalamacarena.com\\\/wp-content\\\/uploads\\\/2024\\\/03\\\/LOGO_FLM.png\",\"width\":450,\"height\":167,\"caption\":\"Flota La Macarena S.A\"},\"image\":{\"@id\":\"https:\\\/\\\/www.flotalamacarena.com\\\/inicio\\\/#\\\/schema\\\/logo\\\/image\\\/\"},\"sameAs\":[\"https:\\\/\\\/www.facebook.com\\\/flota.lamacarenasa\\\/\",\"https:\\\/\\\/x.com\\\/FlotaLaMacarena\",\"https:\\\/\\\/www.youtube.com\\\/@flotalamacarena6335\",\"https:\\\/\\\/www.instagram.com\\\/flota_la_macarena\\\/\",\"https:\\\/\\\/www.linkedin.com\\\/company\\\/flota-la-macarena-s-a\\\/\"]},{\"@type\":\"Person\",\"@id\":\"https:\\\/\\\/www.flotalamacarena.com\\\/inicio\\\/#\\\/schema\\\/person\\\/4c1a42f2560c0abd62779e7bd0868f33\",\"name\":\"Javier Prieto\",\"url\":\"https:\\\/\\\/www.flotalamacarena.com\\\/inicio\\\/author\\\/mastersite\\\/\"}]}<\/script>\n<!-- \/ Yoast SEO plugin. -->","yoast_head_json":{"title":"Ferias y Fiestas de Mitaca en Guayat\u00e1 2025 - Flota La Macarena S.A","description":"Descubre la programaci\u00f3n completa de las Ferias y Fiestas de Mitaca en Guayat\u00e1 2025. \u00a1Viaja con Flota La Macarena!","robots":{"index":"index","follow":"follow","max-snippet":"max-snippet:-1","max-image-preview":"max-image-preview:large","max-video-preview":"max-video-preview:-1"},"canonical":"https:\/\/www.flotalamacarena.com\/inicio\/vive-la-tradicion-en-las-ferias-y-fiestas-de-mitaca-en-guayata-2025-un-destino-imperdible-con-flota-la-macarena\/","og_locale":"es_ES","og_type":"article","og_title":"Ferias y Fiestas de Mitaca en Guayat\u00e1 2025 - Flota La Macarena S.A","og_description":"Descubre la programaci\u00f3n completa de las Ferias y Fiestas de Mitaca en Guayat\u00e1 2025. \u00a1Viaja con Flota La Macarena!","og_url":"https:\/\/www.flotalamacarena.com\/inicio\/vive-la-tradicion-en-las-ferias-y-fiestas-de-mitaca-en-guayata-2025-un-destino-imperdible-con-flota-la-macarena\/","og_site_name":"Flota La Macarena S.A","article_publisher":"https:\/\/www.facebook.com\/flota.lamacarenasa\/","article_published_time":"2025-05-30T19:33:17+00:00","article_modified_time":"2025-05-30T20:14:19+00:00","og_image":[{"width":1442,"height":594,"url":"https:\/\/www.flotalamacarena.com\/wp-content\/uploads\/2025\/05\/Guayata.webp","type":"image\/webp"}],"author":"Javier Prieto","twitter_card":"summary_large_image","twitter_creator":"@FlotaLaMacarena","twitter_site":"@FlotaLaMacarena","twitter_misc":{"Escrito por":"Javier Prieto","Tiempo de lectura":"1 minuto"},"schema":{"@context":"https:\/\/schema.org","@graph":[{"@type":"Article","@id":"https:\/\/www.flotalamacarena.com\/inicio\/vive-la-tradicion-en-las-ferias-y-fiestas-de-mitaca-en-guayata-2025-un-destino-imperdible-con-flota-la-macarena\/#article","isPartOf":{"@id":"https:\/\/www.flotalamacarena.com\/inicio\/vive-la-tradicion-en-las-ferias-y-fiestas-de-mitaca-en-guayata-2025-un-destino-imperdible-con-flota-la-macarena\/"},"author":{"name":"Javier Prieto","@id":"https:\/\/www.flotalamacarena.com\/inicio\/#\/schema\/person\/4c1a42f2560c0abd62779e7bd0868f33"},"headline":"\u00a1Vive la Tradici\u00f3n en las Ferias y Fiestas de Mitaca en Guayat\u00e1 2025: Un Destino Imperdible con Flota La Macarena!","datePublished":"2025-05-30T19:33:17+00:00","dateModified":"2025-05-30T20:14:19+00:00","mainEntityOfPage":{"@id":"https:\/\/www.flotalamacarena.com\/inicio\/vive-la-tradicion-en-las-ferias-y-fiestas-de-mitaca-en-guayata-2025-un-destino-imperdible-con-flota-la-macarena\/"},"wordCount":20,"publisher":{"@id":"https:\/\/www.flotalamacarena.com\/inicio\/#organization"},"image":{"@id":"https:\/\/www.flotalamacarena.com\/inicio\/vive-la-tradicion-en-las-ferias-y-fiestas-de-mitaca-en-guayata-2025-un-destino-imperdible-con-flota-la-macarena\/#primaryimage"},"thumbnailUrl":"https:\/\/www.flotalamacarena.com\/wp-content\/uploads\/2025\/05\/Guayata.webp","keywords":["Boyac\u00e1 Fiestas Guayat\u00e1 2025","Cabalgata Guayat\u00e1","Celebraci\u00f3n Mitaca","Cultura Campesina","Eventos Boyac\u00e1","Ferias y Fiestas de Mitaca en Guayat\u00e1","Fiestas Tradicionales Colombia","Flota La Macarena","Gastronom\u00eda Boyacense","Guayat\u00e1","Mercado Campesino","Mitaca 2025","Pasajes a Guayata","Programaci\u00f3n Ferias Mitaca","Que hacer en Guayat\u00e1","Transporte a Guayat\u00e1","Turismo Boyac\u00e1","Verbenas Populares","Viajar a Guayat\u00e1"],"articleSection":["Blog","Destinos Colombia","Destinos Flota La Macarena","Ferias y Fiestas","Turismo en Boyac\u00e1"],"inLanguage":"es-CO"},{"@type":"WebPage","@id":"https:\/\/www.flotalamacarena.com\/inicio\/vive-la-tradicion-en-las-ferias-y-fiestas-de-mitaca-en-guayata-2025-un-destino-imperdible-con-flota-la-macarena\/","url":"https:\/\/www.flotalamacarena.com\/inicio\/vive-la-tradicion-en-las-ferias-y-fiestas-de-mitaca-en-guayata-2025-un-destino-imperdible-con-flota-la-macarena\/","name":"Ferias y Fiestas de Mitaca en Guayat\u00e1 2025 - Flota La Macarena S.A","isPartOf":{"@id":"https:\/\/www.flotalamacarena.com\/inicio\/#website"},"primaryImageOfPage":{"@id":"https:\/\/www.flotalamacarena.com\/inicio\/vive-la-tradicion-en-las-ferias-y-fiestas-de-mitaca-en-guayata-2025-un-destino-imperdible-con-flota-la-macarena\/#primaryimage"},"image":{"@id":"https:\/\/www.flotalamacarena.com\/inicio\/vive-la-tradicion-en-las-ferias-y-fiestas-de-mitaca-en-guayata-2025-un-destino-imperdible-con-flota-la-macarena\/#primaryimage"},"thumbnailUrl":"https:\/\/www.flotalamacarena.com\/wp-content\/uploads\/2025\/05\/Guayata.webp","datePublished":"2025-05-30T19:33:17+00:00","dateModified":"2025-05-30T20:14:19+00:00","description":"Descubre la programaci\u00f3n completa de las Ferias y Fiestas de Mitaca en Guayat\u00e1 2025. \u00a1Viaja con Flota La Macarena!","breadcrumb":{"@id":"https:\/\/www.flotalamacarena.com\/inicio\/vive-la-tradicion-en-las-ferias-y-fiestas-de-mitaca-en-guayata-2025-un-destino-imperdible-con-flota-la-macarena\/#breadcrumb"},"inLanguage":"es-CO","potentialAction":[{"@type":"ReadAction","target":["https:\/\/www.flotalamacarena.com\/inicio\/vive-la-tradicion-en-las-ferias-y-fiestas-de-mitaca-en-guayata-2025-un-destino-imperdible-con-flota-la-macarena\/"]}]},{"@type":"ImageObject","inLanguage":"es-CO","@id":"https:\/\/www.flotalamacarena.com\/inicio\/vive-la-tradicion-en-las-ferias-y-fiestas-de-mitaca-en-guayata-2025-un-destino-imperdible-con-flota-la-macarena\/#primaryimage","url":"https:\/\/www.flotalamacarena.com\/wp-content\/uploads\/2025\/05\/Guayata.webp","contentUrl":"https:\/\/www.flotalamacarena.com\/wp-content\/uploads\/2025\/05\/Guayata.webp","width":1442,"height":594,"caption":"Foto: Diego Gonz\u00e1lez \/ Pexels"},{"@type":"BreadcrumbList","@id":"https:\/\/www.flotalamacarena.com\/inicio\/vive-la-tradicion-en-las-ferias-y-fiestas-de-mitaca-en-guayata-2025-un-destino-imperdible-con-flota-la-macarena\/#breadcrumb","itemListElement":[{"@type":"ListItem","position":1,"name":"Inicio","item":"https:\/\/www.flotalamacarena.com\/inicio\/"},{"@type":"ListItem","position":2,"name":"\u00a1Vive la Tradici\u00f3n en las Ferias y Fiestas de Mitaca en Guayat\u00e1 2025: Un Destino Imperdible con Flota La Macarena!"}]},{"@type":"WebSite","@id":"https:\/\/www.flotalamacarena.com\/inicio\/#website","url":"https:\/\/www.flotalamacarena.com\/inicio\/","name":"Flota La Macarena S.A","description":"","publisher":{"@id":"https:\/\/www.flotalamacarena.com\/inicio\/#organization"},"potentialAction":[{"@type":"SearchAction","target":{"@type":"EntryPoint","urlTemplate":"https:\/\/www.flotalamacarena.com\/inicio\/?s={search_term_string}"},"query-input":{"@type":"PropertyValueSpecification","valueRequired":true,"valueName":"search_term_string"}}],"inLanguage":"es-CO"},{"@type":"Organization","@id":"https:\/\/www.flotalamacarena.com\/inicio\/#organization","name":"Flota La Macarena S.A","url":"https:\/\/www.flotalamacarena.com\/inicio\/","logo":{"@type":"ImageObject","inLanguage":"es-CO","@id":"https:\/\/www.flotalamacarena.com\/inicio\/#\/schema\/logo\/image\/","url":"https:\/\/www.flotalamacarena.com\/wp-content\/uploads\/2024\/03\/LOGO_FLM.png","contentUrl":"https:\/\/www.flotalamacarena.com\/wp-content\/uploads\/2024\/03\/LOGO_FLM.png","width":450,"height":167,"caption":"Flota La Macarena S.A"},"image":{"@id":"https:\/\/www.flotalamacarena.com\/inicio\/#\/schema\/logo\/image\/"},"sameAs":["https:\/\/www.facebook.com\/flota.lamacarenasa\/","https:\/\/x.com\/FlotaLaMacarena","https:\/\/www.youtube.com\/@flotalamacarena6335","https:\/\/www.instagram.com\/flota_la_macarena\/","https:\/\/www.linkedin.com\/company\/flota-la-macarena-s-a\/"]},{"@type":"Person","@id":"https:\/\/www.flotalamacarena.com\/inicio\/#\/schema\/person\/4c1a42f2560c0abd62779e7bd0868f33","name":"Javier Prieto","url":"https:\/\/www.flotalamacarena.com\/inicio\/author\/mastersite\/"}]}},"_links":{"self":[{"href":"https:\/\/www.flotalamacarena.com\/inicio\/wp-json\/wp\/v2\/posts\/4878","targetHints":{"allow":["GET"]}}],"collection":[{"href":"https:\/\/www.flotalamacarena.com\/inicio\/wp-json\/wp\/v2\/posts"}],"about":[{"href":"https:\/\/www.flotalamacarena.com\/inicio\/wp-json\/wp\/v2\/types\/post"}],"author":[{"embeddable":true,"href":"https:\/\/www.flotalamacarena.com\/inicio\/wp-json\/wp\/v2\/users\/3"}],"replies":[{"embeddable":true,"href":"https:\/\/www.flotalamacarena.com\/inicio\/wp-json\/wp\/v2\/comments?post=4878"}],"version-history":[{"count":1,"href":"https:\/\/www.flotalamacarena.com\/inicio\/wp-json\/wp\/v2\/posts\/4878\/revisions"}],"predecessor-version":[{"id":4879,"href":"https:\/\/www.flotalamacarena.com\/inicio\/wp-json\/wp\/v2\/posts\/4878\/revisions\/4879"}],"wp:featuredmedia":[{"embeddable":true,"href":"https:\/\/www.flotalamacarena.com\/inicio\/wp-json\/wp\/v2\/media\/4886"}],"wp:attachment":[{"href":"https:\/\/www.flotalamacarena.com\/inicio\/wp-json\/wp\/v2\/media?parent=4878"}],"wp:term":[{"taxonomy":"category","embeddable":true,"href":"https:\/\/www.flotalamacarena.com\/inicio\/wp-json\/wp\/v2\/categories?post=4878"},{"taxonomy":"post_tag","embeddable":true,"href":"https:\/\/www.flotalamacarena.com\/inicio\/wp-json\/wp\/v2\/tags?post=4878"}],"curies":[{"name":"wp","href":"https:\/\/api.w.org\/{rel}","templated":true}]}}