{"id":4864,"date":"2025-05-27T10:19:41","date_gmt":"2025-05-27T15:19:41","guid":{"rendered":"https:\/\/www.flotalamacarena.com\/inicio\/?p=4864"},"modified":"2025-05-27T10:24:06","modified_gmt":"2025-05-27T15:24:06","slug":"viaja-a-garzon-y-descubre-la-capital-cafetera-del-huila-con-sus-encantos-escondidos","status":"publish","type":"post","link":"https:\/\/www.flotalamacarena.com\/inicio\/viaja-a-garzon-y-descubre-la-capital-cafetera-del-huila-con-sus-encantos-escondidos\/","title":{"rendered":"Viaja a Garz\u00f3n y descubre la capital cafetera del Huila con sus encantos escondidos"},"content":{"rendered":"","protected":false},"excerpt":{"rendered":"","protected":false},"author":3,"featured_media":4870,"comment_status":"closed","ping_status":"closed","sticky":false,"template":"","format":"standard","meta":{"_acf_changed":false,"footnotes":""},"categories":[43,180,153,181,129,140,104,178],"tags":[219,220,216,218,77,212,179,217,224,223,215,222,221,72,214,213,208],"class_list":["post-4864","post","type-post","status-publish","format-standard","has-post-thumbnail","hentry","category-blog","category-destinos-flota-la-macarena","category-destinos-recomendados","category-huila","category-movilidad-y-transporte","category-musica-y-cultura","category-turismo-en-colombia","category-turismo-en-el-huila","tag-bus-bogota-garzon","tag-cafe-huila","tag-catedral-de-san-miguel-arcangel","tag-cultura-cafetera-huila","tag-flota-la-macarena","tag-garzon","tag-huila","tag-monumento-a-la-chiva","tag-pasajes-a-garzon","tag-pueblos-huilenses","tag-que-hacer-en-garzon","tag-rio-magdalena","tag-transporte-a-garzon","tag-turismo","tag-turismo-garzon","tag-viajar-a-garzon","tag-viajes-en-bus"],"acf":[],"yoast_head":"<!-- This site is optimized with the Yoast SEO plugin v27.5 - https:\/\/yoast.com\/product\/yoast-seo-wordpress\/ -->\n<title>Viajar a Garz\u00f3n Huila: Cultura y Tradici\u00f3n - Flota La Macarena S.A<\/title>\n<meta name=\"description\" content=\"Planifica tu viaje a Garz\u00f3n, Huila. Conoce su cultura, tradiciones, el Monumento a la Chiva y la facilidad de transporte en bus con Flota La Macarena.\" \/>\n<meta name=\"robots\" content=\"index, follow, max-snippet:-1, max-image-preview:large, max-video-preview:-1\" \/>\n<link rel=\"canonical\" href=\"https:\/\/www.flotalamacarena.com\/inicio\/viaja-a-garzon-y-descubre-la-capital-cafetera-del-huila-con-sus-encantos-escondidos\/\" \/>\n<meta property=\"og:locale\" content=\"es_ES\" \/>\n<meta property=\"og:type\" content=\"article\" \/>\n<meta property=\"og:title\" content=\"Viajar a Garz\u00f3n Huila: Cultura y Tradici\u00f3n - Flota La Macarena S.A\" \/>\n<meta property=\"og:description\" content=\"Planifica tu viaje a Garz\u00f3n, Huila. Conoce su cultura, tradiciones, el Monumento a la Chiva y la facilidad de transporte en bus con Flota La Macarena.\" \/>\n<meta property=\"og:url\" content=\"https:\/\/www.flotalamacarena.com\/inicio\/viaja-a-garzon-y-descubre-la-capital-cafetera-del-huila-con-sus-encantos-escondidos\/\" \/>\n<meta property=\"og:site_name\" content=\"Flota La Macarena S.A\" \/>\n<meta property=\"article:publisher\" content=\"https:\/\/www.facebook.com\/flota.lamacarenasa\/\" \/>\n<meta property=\"article:published_time\" content=\"2025-05-27T15:19:41+00:00\" \/>\n<meta property=\"article:modified_time\" content=\"2025-05-27T15:24:06+00:00\" \/>\n<meta property=\"og:image\" content=\"https:\/\/www.flotalamacarena.com\/wp-content\/uploads\/2025\/05\/pasajes-a-garzon.webp\" \/>\n\t<meta property=\"og:image:width\" content=\"1442\" \/>\n\t<meta property=\"og:image:height\" content=\"594\" \/>\n\t<meta property=\"og:image:type\" content=\"image\/webp\" \/>\n<meta name=\"author\" content=\"Javier Prieto\" \/>\n<meta name=\"twitter:card\" content=\"summary_large_image\" \/>\n<meta name=\"twitter:creator\" content=\"@FlotaLaMacarena\" \/>\n<meta name=\"twitter:site\" content=\"@FlotaLaMacarena\" \/>\n<meta name=\"twitter:label1\" content=\"Escrito por\" \/>\n\t<meta name=\"twitter:data1\" content=\"Javier Prieto\" \/>\n\t<meta name=\"twitter:label2\" content=\"Tiempo de lectura\" \/>\n\t<meta name=\"twitter:data2\" content=\"1 minuto\" \/>\n<script type=\"application\/ld+json\" class=\"yoast-schema-graph\">{\"@context\":\"https:\\\/\\\/schema.org\",\"@graph\":[{\"@type\":\"Article\",\"@id\":\"https:\\\/\\\/www.flotalamacarena.com\\\/inicio\\\/viaja-a-garzon-y-descubre-la-capital-cafetera-del-huila-con-sus-encantos-escondidos\\\/#article\",\"isPartOf\":{\"@id\":\"https:\\\/\\\/www.flotalamacarena.com\\\/inicio\\\/viaja-a-garzon-y-descubre-la-capital-cafetera-del-huila-con-sus-encantos-escondidos\\\/\"},\"author\":{\"name\":\"Javier Prieto\",\"@id\":\"https:\\\/\\\/www.flotalamacarena.com\\\/inicio\\\/#\\\/schema\\\/person\\\/4c1a42f2560c0abd62779e7bd0868f33\"},\"headline\":\"Viaja a Garz\u00f3n y descubre la capital cafetera del Huila con sus encantos escondidos\",\"datePublished\":\"2025-05-27T15:19:41+00:00\",\"dateModified\":\"2025-05-27T15:24:06+00:00\",\"mainEntityOfPage\":{\"@id\":\"https:\\\/\\\/www.flotalamacarena.com\\\/inicio\\\/viaja-a-garzon-y-descubre-la-capital-cafetera-del-huila-con-sus-encantos-escondidos\\\/\"},\"wordCount\":15,\"publisher\":{\"@id\":\"https:\\\/\\\/www.flotalamacarena.com\\\/inicio\\\/#organization\"},\"image\":{\"@id\":\"https:\\\/\\\/www.flotalamacarena.com\\\/inicio\\\/viaja-a-garzon-y-descubre-la-capital-cafetera-del-huila-con-sus-encantos-escondidos\\\/#primaryimage\"},\"thumbnailUrl\":\"https:\\\/\\\/www.flotalamacarena.com\\\/wp-content\\\/uploads\\\/2025\\\/05\\\/pasajes-a-garzon.webp\",\"keywords\":[\"Bus Bogot\u00e1 Garz\u00f3n\",\"Caf\u00e9 Huila\",\"Catedral de San Miguel Arc\u00e1ngel\",\"Cultura Cafetera Huila\",\"Flota La Macarena\",\"Garz\u00f3n\",\"Huila\",\"Monumento a la Chiva\",\"pasajes a Garz\u00f3n\",\"Pueblos Huilenses\",\"Qu\u00e9 hacer en Garz\u00f3n\",\"R\u00edo Magdalena\",\"Transporte a Garz\u00f3n\",\"turismo\",\"Turismo Garz\u00f3n\",\"Viajar a Garz\u00f3n\",\"Viajes en bus\"],\"articleSection\":[\"Blog\",\"Destinos Flota La Macarena\",\"Destinos Recomendados\",\"Huila\",\"Movilidad y Transporte\",\"M\u00fasica y Cultura\",\"Turismo en Colombia\",\"Turismo en el Huila\"],\"inLanguage\":\"es-CO\"},{\"@type\":\"WebPage\",\"@id\":\"https:\\\/\\\/www.flotalamacarena.com\\\/inicio\\\/viaja-a-garzon-y-descubre-la-capital-cafetera-del-huila-con-sus-encantos-escondidos\\\/\",\"url\":\"https:\\\/\\\/www.flotalamacarena.com\\\/inicio\\\/viaja-a-garzon-y-descubre-la-capital-cafetera-del-huila-con-sus-encantos-escondidos\\\/\",\"name\":\"Viajar a Garz\u00f3n Huila: Cultura y Tradici\u00f3n - Flota La Macarena S.A\",\"isPartOf\":{\"@id\":\"https:\\\/\\\/www.flotalamacarena.com\\\/inicio\\\/#website\"},\"primaryImageOfPage\":{\"@id\":\"https:\\\/\\\/www.flotalamacarena.com\\\/inicio\\\/viaja-a-garzon-y-descubre-la-capital-cafetera-del-huila-con-sus-encantos-escondidos\\\/#primaryimage\"},\"image\":{\"@id\":\"https:\\\/\\\/www.flotalamacarena.com\\\/inicio\\\/viaja-a-garzon-y-descubre-la-capital-cafetera-del-huila-con-sus-encantos-escondidos\\\/#primaryimage\"},\"thumbnailUrl\":\"https:\\\/\\\/www.flotalamacarena.com\\\/wp-content\\\/uploads\\\/2025\\\/05\\\/pasajes-a-garzon.webp\",\"datePublished\":\"2025-05-27T15:19:41+00:00\",\"dateModified\":\"2025-05-27T15:24:06+00:00\",\"description\":\"Planifica tu viaje a Garz\u00f3n, Huila. Conoce su cultura, tradiciones, el Monumento a la Chiva y la facilidad de transporte en bus con Flota La Macarena.\",\"breadcrumb\":{\"@id\":\"https:\\\/\\\/www.flotalamacarena.com\\\/inicio\\\/viaja-a-garzon-y-descubre-la-capital-cafetera-del-huila-con-sus-encantos-escondidos\\\/#breadcrumb\"},\"inLanguage\":\"es-CO\",\"potentialAction\":[{\"@type\":\"ReadAction\",\"target\":[\"https:\\\/\\\/www.flotalamacarena.com\\\/inicio\\\/viaja-a-garzon-y-descubre-la-capital-cafetera-del-huila-con-sus-encantos-escondidos\\\/\"]}]},{\"@type\":\"ImageObject\",\"inLanguage\":\"es-CO\",\"@id\":\"https:\\\/\\\/www.flotalamacarena.com\\\/inicio\\\/viaja-a-garzon-y-descubre-la-capital-cafetera-del-huila-con-sus-encantos-escondidos\\\/#primaryimage\",\"url\":\"https:\\\/\\\/www.flotalamacarena.com\\\/wp-content\\\/uploads\\\/2025\\\/05\\\/pasajes-a-garzon.webp\",\"contentUrl\":\"https:\\\/\\\/www.flotalamacarena.com\\\/wp-content\\\/uploads\\\/2025\\\/05\\\/pasajes-a-garzon.webp\",\"width\":1442,\"height\":594},{\"@type\":\"BreadcrumbList\",\"@id\":\"https:\\\/\\\/www.flotalamacarena.com\\\/inicio\\\/viaja-a-garzon-y-descubre-la-capital-cafetera-del-huila-con-sus-encantos-escondidos\\\/#breadcrumb\",\"itemListElement\":[{\"@type\":\"ListItem\",\"position\":1,\"name\":\"Inicio\",\"item\":\"https:\\\/\\\/www.flotalamacarena.com\\\/inicio\\\/\"},{\"@type\":\"ListItem\",\"position\":2,\"name\":\"Viaja a Garz\u00f3n y descubre la capital cafetera del Huila con sus encantos escondidos\"}]},{\"@type\":\"WebSite\",\"@id\":\"https:\\\/\\\/www.flotalamacarena.com\\\/inicio\\\/#website\",\"url\":\"https:\\\/\\\/www.flotalamacarena.com\\\/inicio\\\/\",\"name\":\"Flota La Macarena S.A\",\"description\":\"\",\"publisher\":{\"@id\":\"https:\\\/\\\/www.flotalamacarena.com\\\/inicio\\\/#organization\"},\"potentialAction\":[{\"@type\":\"SearchAction\",\"target\":{\"@type\":\"EntryPoint\",\"urlTemplate\":\"https:\\\/\\\/www.flotalamacarena.com\\\/inicio\\\/?s={search_term_string}\"},\"query-input\":{\"@type\":\"PropertyValueSpecification\",\"valueRequired\":true,\"valueName\":\"search_term_string\"}}],\"inLanguage\":\"es-CO\"},{\"@type\":\"Organization\",\"@id\":\"https:\\\/\\\/www.flotalamacarena.com\\\/inicio\\\/#organization\",\"name\":\"Flota La Macarena S.A\",\"url\":\"https:\\\/\\\/www.flotalamacarena.com\\\/inicio\\\/\",\"logo\":{\"@type\":\"ImageObject\",\"inLanguage\":\"es-CO\",\"@id\":\"https:\\\/\\\/www.flotalamacarena.com\\\/inicio\\\/#\\\/schema\\\/logo\\\/image\\\/\",\"url\":\"https:\\\/\\\/www.flotalamacarena.com\\\/wp-content\\\/uploads\\\/2024\\\/03\\\/LOGO_FLM.png\",\"contentUrl\":\"https:\\\/\\\/www.flotalamacarena.com\\\/wp-content\\\/uploads\\\/2024\\\/03\\\/LOGO_FLM.png\",\"width\":450,\"height\":167,\"caption\":\"Flota La Macarena S.A\"},\"image\":{\"@id\":\"https:\\\/\\\/www.flotalamacarena.com\\\/inicio\\\/#\\\/schema\\\/logo\\\/image\\\/\"},\"sameAs\":[\"https:\\\/\\\/www.facebook.com\\\/flota.lamacarenasa\\\/\",\"https:\\\/\\\/x.com\\\/FlotaLaMacarena\",\"https:\\\/\\\/www.youtube.com\\\/@flotalamacarena6335\",\"https:\\\/\\\/www.instagram.com\\\/flota_la_macarena\\\/\",\"https:\\\/\\\/www.linkedin.com\\\/company\\\/flota-la-macarena-s-a\\\/\"]},{\"@type\":\"Person\",\"@id\":\"https:\\\/\\\/www.flotalamacarena.com\\\/inicio\\\/#\\\/schema\\\/person\\\/4c1a42f2560c0abd62779e7bd0868f33\",\"name\":\"Javier Prieto\",\"url\":\"https:\\\/\\\/www.flotalamacarena.com\\\/inicio\\\/author\\\/mastersite\\\/\"}]}<\/script>\n<!-- \/ Yoast SEO plugin. -->","yoast_head_json":{"title":"Viajar a Garz\u00f3n Huila: Cultura y Tradici\u00f3n - Flota La Macarena S.A","description":"Planifica tu viaje a Garz\u00f3n, Huila. Conoce su cultura, tradiciones, el Monumento a la Chiva y la facilidad de transporte en bus con Flota La Macarena.","robots":{"index":"index","follow":"follow","max-snippet":"max-snippet:-1","max-image-preview":"max-image-preview:large","max-video-preview":"max-video-preview:-1"},"canonical":"https:\/\/www.flotalamacarena.com\/inicio\/viaja-a-garzon-y-descubre-la-capital-cafetera-del-huila-con-sus-encantos-escondidos\/","og_locale":"es_ES","og_type":"article","og_title":"Viajar a Garz\u00f3n Huila: Cultura y Tradici\u00f3n - Flota La Macarena S.A","og_description":"Planifica tu viaje a Garz\u00f3n, Huila. Conoce su cultura, tradiciones, el Monumento a la Chiva y la facilidad de transporte en bus con Flota La Macarena.","og_url":"https:\/\/www.flotalamacarena.com\/inicio\/viaja-a-garzon-y-descubre-la-capital-cafetera-del-huila-con-sus-encantos-escondidos\/","og_site_name":"Flota La Macarena S.A","article_publisher":"https:\/\/www.facebook.com\/flota.lamacarenasa\/","article_published_time":"2025-05-27T15:19:41+00:00","article_modified_time":"2025-05-27T15:24:06+00:00","og_image":[{"width":1442,"height":594,"url":"https:\/\/www.flotalamacarena.com\/wp-content\/uploads\/2025\/05\/pasajes-a-garzon.webp","type":"image\/webp"}],"author":"Javier Prieto","twitter_card":"summary_large_image","twitter_creator":"@FlotaLaMacarena","twitter_site":"@FlotaLaMacarena","twitter_misc":{"Escrito por":"Javier Prieto","Tiempo de lectura":"1 minuto"},"schema":{"@context":"https:\/\/schema.org","@graph":[{"@type":"Article","@id":"https:\/\/www.flotalamacarena.com\/inicio\/viaja-a-garzon-y-descubre-la-capital-cafetera-del-huila-con-sus-encantos-escondidos\/#article","isPartOf":{"@id":"https:\/\/www.flotalamacarena.com\/inicio\/viaja-a-garzon-y-descubre-la-capital-cafetera-del-huila-con-sus-encantos-escondidos\/"},"author":{"name":"Javier Prieto","@id":"https:\/\/www.flotalamacarena.com\/inicio\/#\/schema\/person\/4c1a42f2560c0abd62779e7bd0868f33"},"headline":"Viaja a Garz\u00f3n y descubre la capital cafetera del Huila con sus encantos escondidos","datePublished":"2025-05-27T15:19:41+00:00","dateModified":"2025-05-27T15:24:06+00:00","mainEntityOfPage":{"@id":"https:\/\/www.flotalamacarena.com\/inicio\/viaja-a-garzon-y-descubre-la-capital-cafetera-del-huila-con-sus-encantos-escondidos\/"},"wordCount":15,"publisher":{"@id":"https:\/\/www.flotalamacarena.com\/inicio\/#organization"},"image":{"@id":"https:\/\/www.flotalamacarena.com\/inicio\/viaja-a-garzon-y-descubre-la-capital-cafetera-del-huila-con-sus-encantos-escondidos\/#primaryimage"},"thumbnailUrl":"https:\/\/www.flotalamacarena.com\/wp-content\/uploads\/2025\/05\/pasajes-a-garzon.webp","keywords":["Bus Bogot\u00e1 Garz\u00f3n","Caf\u00e9 Huila","Catedral de San Miguel Arc\u00e1ngel","Cultura Cafetera Huila","Flota La Macarena","Garz\u00f3n","Huila","Monumento a la Chiva","pasajes a Garz\u00f3n","Pueblos Huilenses","Qu\u00e9 hacer en Garz\u00f3n","R\u00edo Magdalena","Transporte a Garz\u00f3n","turismo","Turismo Garz\u00f3n","Viajar a Garz\u00f3n","Viajes en bus"],"articleSection":["Blog","Destinos Flota La Macarena","Destinos Recomendados","Huila","Movilidad y Transporte","M\u00fasica y Cultura","Turismo en Colombia","Turismo en el Huila"],"inLanguage":"es-CO"},{"@type":"WebPage","@id":"https:\/\/www.flotalamacarena.com\/inicio\/viaja-a-garzon-y-descubre-la-capital-cafetera-del-huila-con-sus-encantos-escondidos\/","url":"https:\/\/www.flotalamacarena.com\/inicio\/viaja-a-garzon-y-descubre-la-capital-cafetera-del-huila-con-sus-encantos-escondidos\/","name":"Viajar a Garz\u00f3n Huila: Cultura y Tradici\u00f3n - Flota La Macarena S.A","isPartOf":{"@id":"https:\/\/www.flotalamacarena.com\/inicio\/#website"},"primaryImageOfPage":{"@id":"https:\/\/www.flotalamacarena.com\/inicio\/viaja-a-garzon-y-descubre-la-capital-cafetera-del-huila-con-sus-encantos-escondidos\/#primaryimage"},"image":{"@id":"https:\/\/www.flotalamacarena.com\/inicio\/viaja-a-garzon-y-descubre-la-capital-cafetera-del-huila-con-sus-encantos-escondidos\/#primaryimage"},"thumbnailUrl":"https:\/\/www.flotalamacarena.com\/wp-content\/uploads\/2025\/05\/pasajes-a-garzon.webp","datePublished":"2025-05-27T15:19:41+00:00","dateModified":"2025-05-27T15:24:06+00:00","description":"Planifica tu viaje a Garz\u00f3n, Huila. Conoce su cultura, tradiciones, el Monumento a la Chiva y la facilidad de transporte en bus con Flota La Macarena.","breadcrumb":{"@id":"https:\/\/www.flotalamacarena.com\/inicio\/viaja-a-garzon-y-descubre-la-capital-cafetera-del-huila-con-sus-encantos-escondidos\/#breadcrumb"},"inLanguage":"es-CO","potentialAction":[{"@type":"ReadAction","target":["https:\/\/www.flotalamacarena.com\/inicio\/viaja-a-garzon-y-descubre-la-capital-cafetera-del-huila-con-sus-encantos-escondidos\/"]}]},{"@type":"ImageObject","inLanguage":"es-CO","@id":"https:\/\/www.flotalamacarena.com\/inicio\/viaja-a-garzon-y-descubre-la-capital-cafetera-del-huila-con-sus-encantos-escondidos\/#primaryimage","url":"https:\/\/www.flotalamacarena.com\/wp-content\/uploads\/2025\/05\/pasajes-a-garzon.webp","contentUrl":"https:\/\/www.flotalamacarena.com\/wp-content\/uploads\/2025\/05\/pasajes-a-garzon.webp","width":1442,"height":594},{"@type":"BreadcrumbList","@id":"https:\/\/www.flotalamacarena.com\/inicio\/viaja-a-garzon-y-descubre-la-capital-cafetera-del-huila-con-sus-encantos-escondidos\/#breadcrumb","itemListElement":[{"@type":"ListItem","position":1,"name":"Inicio","item":"https:\/\/www.flotalamacarena.com\/inicio\/"},{"@type":"ListItem","position":2,"name":"Viaja a Garz\u00f3n y descubre la capital cafetera del Huila con sus encantos escondidos"}]},{"@type":"WebSite","@id":"https:\/\/www.flotalamacarena.com\/inicio\/#website","url":"https:\/\/www.flotalamacarena.com\/inicio\/","name":"Flota La Macarena S.A","description":"","publisher":{"@id":"https:\/\/www.flotalamacarena.com\/inicio\/#organization"},"potentialAction":[{"@type":"SearchAction","target":{"@type":"EntryPoint","urlTemplate":"https:\/\/www.flotalamacarena.com\/inicio\/?s={search_term_string}"},"query-input":{"@type":"PropertyValueSpecification","valueRequired":true,"valueName":"search_term_string"}}],"inLanguage":"es-CO"},{"@type":"Organization","@id":"https:\/\/www.flotalamacarena.com\/inicio\/#organization","name":"Flota La Macarena S.A","url":"https:\/\/www.flotalamacarena.com\/inicio\/","logo":{"@type":"ImageObject","inLanguage":"es-CO","@id":"https:\/\/www.flotalamacarena.com\/inicio\/#\/schema\/logo\/image\/","url":"https:\/\/www.flotalamacarena.com\/wp-content\/uploads\/2024\/03\/LOGO_FLM.png","contentUrl":"https:\/\/www.flotalamacarena.com\/wp-content\/uploads\/2024\/03\/LOGO_FLM.png","width":450,"height":167,"caption":"Flota La Macarena S.A"},"image":{"@id":"https:\/\/www.flotalamacarena.com\/inicio\/#\/schema\/logo\/image\/"},"sameAs":["https:\/\/www.facebook.com\/flota.lamacarenasa\/","https:\/\/x.com\/FlotaLaMacarena","https:\/\/www.youtube.com\/@flotalamacarena6335","https:\/\/www.instagram.com\/flota_la_macarena\/","https:\/\/www.linkedin.com\/company\/flota-la-macarena-s-a\/"]},{"@type":"Person","@id":"https:\/\/www.flotalamacarena.com\/inicio\/#\/schema\/person\/4c1a42f2560c0abd62779e7bd0868f33","name":"Javier Prieto","url":"https:\/\/www.flotalamacarena.com\/inicio\/author\/mastersite\/"}]}},"_links":{"self":[{"href":"https:\/\/www.flotalamacarena.com\/inicio\/wp-json\/wp\/v2\/posts\/4864","targetHints":{"allow":["GET"]}}],"collection":[{"href":"https:\/\/www.flotalamacarena.com\/inicio\/wp-json\/wp\/v2\/posts"}],"about":[{"href":"https:\/\/www.flotalamacarena.com\/inicio\/wp-json\/wp\/v2\/types\/post"}],"author":[{"embeddable":true,"href":"https:\/\/www.flotalamacarena.com\/inicio\/wp-json\/wp\/v2\/users\/3"}],"replies":[{"embeddable":true,"href":"https:\/\/www.flotalamacarena.com\/inicio\/wp-json\/wp\/v2\/comments?post=4864"}],"version-history":[{"count":3,"href":"https:\/\/www.flotalamacarena.com\/inicio\/wp-json\/wp\/v2\/posts\/4864\/revisions"}],"predecessor-version":[{"id":4867,"href":"https:\/\/www.flotalamacarena.com\/inicio\/wp-json\/wp\/v2\/posts\/4864\/revisions\/4867"}],"wp:featuredmedia":[{"embeddable":true,"href":"https:\/\/www.flotalamacarena.com\/inicio\/wp-json\/wp\/v2\/media\/4870"}],"wp:attachment":[{"href":"https:\/\/www.flotalamacarena.com\/inicio\/wp-json\/wp\/v2\/media?parent=4864"}],"wp:term":[{"taxonomy":"category","embeddable":true,"href":"https:\/\/www.flotalamacarena.com\/inicio\/wp-json\/wp\/v2\/categories?post=4864"},{"taxonomy":"post_tag","embeddable":true,"href":"https:\/\/www.flotalamacarena.com\/inicio\/wp-json\/wp\/v2\/tags?post=4864"}],"curies":[{"name":"wp","href":"https:\/\/api.w.org\/{rel}","templated":true}]}}