{"id":4592,"date":"2026-01-05T12:09:08","date_gmt":"2026-01-05T17:09:08","guid":{"rendered":"https:\/\/www.flotalamacarena.com\/inicio\/?p=4592"},"modified":"2026-01-05T14:19:21","modified_gmt":"2026-01-05T19:19:21","slug":"festival-de-verano-en-monterrey-casanare","status":"publish","type":"post","link":"https:\/\/www.flotalamacarena.com\/inicio\/festival-de-verano-en-monterrey-casanare\/","title":{"rendered":"Festival de Verano Monterrey Casanare 2026 (XXVIII): Programaci\u00f3n y Artistas Confirmados"},"content":{"rendered":"","protected":false},"excerpt":{"rendered":"","protected":false},"author":3,"featured_media":8399,"comment_status":"closed","ping_status":"closed","sticky":false,"template":"","format":"standard","meta":{"_acf_changed":false,"footnotes":""},"categories":[43,57,105,140,8,434],"tags":[549,551,555,554,545,548,553,77,398,547,550,552,452,546,145],"class_list":["post-4592","post","type-post","status-publish","format-standard","has-post-thumbnail","hentry","category-blog","category-ferias-y-fiestas","category-llanos-orientales","category-musica-y-cultura","category-noticias","category-turismo-en-casanare","tag-arelys-henao","tag-aterciopelados","tag-coleo-monterrey","tag-eventos-en-el-llano-2026","tag-festival-de-verano-monterrey-2026","tag-festival-de-verano-xxviii","tag-fiestas-en-casanare","tag-flota-la-macarena","tag-jessi-uribe","tag-monterrey-casanare","tag-mr-black","tag-pasajes-a-monterrey","tag-rafa-perez","tag-rio-tua","tag-turismo-en-casanare"],"acf":[],"yoast_head":"<!-- This site is optimized with the Yoast SEO plugin v27.5 - https:\/\/yoast.com\/product\/yoast-seo-wordpress\/ -->\n<title>Programaci\u00f3n Festival de Verano Monterrey Casanare 2026<\/title>\n<meta name=\"description\" content=\"\u00a1Llega la versi\u00f3n XXVIII del Festival de Verano en Monterrey, Casanare! Del 8 al 11 de enero de 2026 . \u00a1Viaja con nosotros!\" \/>\n<meta name=\"robots\" content=\"index, follow, max-snippet:-1, max-image-preview:large, max-video-preview:-1\" \/>\n<link rel=\"canonical\" href=\"https:\/\/www.flotalamacarena.com\/inicio\/festival-de-verano-en-monterrey-casanare\/\" \/>\n<meta property=\"og:locale\" content=\"es_ES\" \/>\n<meta property=\"og:type\" content=\"article\" \/>\n<meta property=\"og:title\" content=\"Festival de Verano Monterrey 2026: \u00a1Jessi Uribe y Mr. Black confirmados!\" \/>\n<meta property=\"og:description\" content=\"Mira la programaci\u00f3n oficial del 8 al 11 de enero. \ud83e\udd20 Conciertos, playa y coleo en Monterrey, Casanare. \u00a1Viaja seguro con Flota La Macarena! \ud83d\ude8c\" \/>\n<meta property=\"og:url\" content=\"https:\/\/www.flotalamacarena.com\/inicio\/festival-de-verano-en-monterrey-casanare\/\" \/>\n<meta property=\"og:site_name\" content=\"Flota La Macarena S.A\" \/>\n<meta property=\"article:publisher\" content=\"https:\/\/www.facebook.com\/flota.lamacarenasa\/\" \/>\n<meta property=\"article:published_time\" content=\"2026-01-05T17:09:08+00:00\" \/>\n<meta property=\"article:modified_time\" content=\"2026-01-05T19:19:21+00:00\" \/>\n<meta property=\"og:image\" content=\"https:\/\/www.flotalamacarena.com\/wp-content\/uploads\/2026\/01\/Festival-de-Verano-en-Monterrey.webp\" \/>\n\t<meta property=\"og:image:width\" content=\"680\" \/>\n\t<meta property=\"og:image:height\" content=\"355\" \/>\n\t<meta property=\"og:image:type\" content=\"image\/webp\" \/>\n<meta name=\"author\" content=\"Javier Prieto\" \/>\n<meta name=\"twitter:card\" content=\"summary_large_image\" \/>\n<meta name=\"twitter:creator\" content=\"@FlotaLaMacarena\" \/>\n<meta name=\"twitter:site\" content=\"@FlotaLaMacarena\" \/>\n<meta name=\"twitter:label1\" content=\"Escrito por\" \/>\n\t<meta name=\"twitter:data1\" content=\"Javier Prieto\" \/>\n\t<meta name=\"twitter:label2\" content=\"Tiempo de lectura\" \/>\n\t<meta name=\"twitter:data2\" content=\"1 minuto\" \/>\n<script type=\"application\/ld+json\" class=\"yoast-schema-graph\">{\"@context\":\"https:\\\/\\\/schema.org\",\"@graph\":[{\"@type\":\"Article\",\"@id\":\"https:\\\/\\\/www.flotalamacarena.com\\\/inicio\\\/festival-de-verano-en-monterrey-casanare\\\/#article\",\"isPartOf\":{\"@id\":\"https:\\\/\\\/www.flotalamacarena.com\\\/inicio\\\/festival-de-verano-en-monterrey-casanare\\\/\"},\"author\":{\"name\":\"Javier Prieto\",\"@id\":\"https:\\\/\\\/www.flotalamacarena.com\\\/inicio\\\/#\\\/schema\\\/person\\\/4c1a42f2560c0abd62779e7bd0868f33\"},\"headline\":\"Festival de Verano Monterrey Casanare 2026 (XXVIII): Programaci\u00f3n y Artistas Confirmados\",\"datePublished\":\"2026-01-05T17:09:08+00:00\",\"dateModified\":\"2026-01-05T19:19:21+00:00\",\"mainEntityOfPage\":{\"@id\":\"https:\\\/\\\/www.flotalamacarena.com\\\/inicio\\\/festival-de-verano-en-monterrey-casanare\\\/\"},\"wordCount\":11,\"publisher\":{\"@id\":\"https:\\\/\\\/www.flotalamacarena.com\\\/inicio\\\/#organization\"},\"image\":{\"@id\":\"https:\\\/\\\/www.flotalamacarena.com\\\/inicio\\\/festival-de-verano-en-monterrey-casanare\\\/#primaryimage\"},\"thumbnailUrl\":\"https:\\\/\\\/www.flotalamacarena.com\\\/wp-content\\\/uploads\\\/2026\\\/01\\\/Festival-de-Verano-Monterrey-Casanare-2026.webp\",\"keywords\":[\"Arelys Henao\",\"Aterciopelados\",\"Coleo Monterrey\",\"Eventos en el Llano 2026\",\"Festival de Verano Monterrey 2026\",\"Festival de Verano XXVIII\",\"Fiestas en Casanare\",\"Flota La Macarena\",\"Jessi Uribe\",\"Monterrey Casanare\",\"Mr Black\",\"Pasajes a Monterrey\",\"Rafa P\u00e9rez\",\"R\u00edo T\u00faa\",\"Turismo En Casanare\"],\"articleSection\":[\"Blog\",\"Ferias y Fiestas\",\"Llanos Orientales\",\"M\u00fasica y Cultura\",\"Noticias\",\"Turismo en Casanare\"],\"inLanguage\":\"es-CO\"},{\"@type\":\"WebPage\",\"@id\":\"https:\\\/\\\/www.flotalamacarena.com\\\/inicio\\\/festival-de-verano-en-monterrey-casanare\\\/\",\"url\":\"https:\\\/\\\/www.flotalamacarena.com\\\/inicio\\\/festival-de-verano-en-monterrey-casanare\\\/\",\"name\":\"Programaci\u00f3n Festival de Verano Monterrey Casanare 2026\",\"isPartOf\":{\"@id\":\"https:\\\/\\\/www.flotalamacarena.com\\\/inicio\\\/#website\"},\"primaryImageOfPage\":{\"@id\":\"https:\\\/\\\/www.flotalamacarena.com\\\/inicio\\\/festival-de-verano-en-monterrey-casanare\\\/#primaryimage\"},\"image\":{\"@id\":\"https:\\\/\\\/www.flotalamacarena.com\\\/inicio\\\/festival-de-verano-en-monterrey-casanare\\\/#primaryimage\"},\"thumbnailUrl\":\"https:\\\/\\\/www.flotalamacarena.com\\\/wp-content\\\/uploads\\\/2026\\\/01\\\/Festival-de-Verano-Monterrey-Casanare-2026.webp\",\"datePublished\":\"2026-01-05T17:09:08+00:00\",\"dateModified\":\"2026-01-05T19:19:21+00:00\",\"description\":\"\u00a1Llega la versi\u00f3n XXVIII del Festival de Verano en Monterrey, Casanare! Del 8 al 11 de enero de 2026 . \u00a1Viaja con nosotros!\",\"breadcrumb\":{\"@id\":\"https:\\\/\\\/www.flotalamacarena.com\\\/inicio\\\/festival-de-verano-en-monterrey-casanare\\\/#breadcrumb\"},\"inLanguage\":\"es-CO\",\"potentialAction\":[{\"@type\":\"ReadAction\",\"target\":[\"https:\\\/\\\/www.flotalamacarena.com\\\/inicio\\\/festival-de-verano-en-monterrey-casanare\\\/\"]}]},{\"@type\":\"ImageObject\",\"inLanguage\":\"es-CO\",\"@id\":\"https:\\\/\\\/www.flotalamacarena.com\\\/inicio\\\/festival-de-verano-en-monterrey-casanare\\\/#primaryimage\",\"url\":\"https:\\\/\\\/www.flotalamacarena.com\\\/wp-content\\\/uploads\\\/2026\\\/01\\\/Festival-de-Verano-Monterrey-Casanare-2026.webp\",\"contentUrl\":\"https:\\\/\\\/www.flotalamacarena.com\\\/wp-content\\\/uploads\\\/2026\\\/01\\\/Festival-de-Verano-Monterrey-Casanare-2026.webp\",\"width\":450,\"height\":280},{\"@type\":\"BreadcrumbList\",\"@id\":\"https:\\\/\\\/www.flotalamacarena.com\\\/inicio\\\/festival-de-verano-en-monterrey-casanare\\\/#breadcrumb\",\"itemListElement\":[{\"@type\":\"ListItem\",\"position\":1,\"name\":\"Inicio\",\"item\":\"https:\\\/\\\/www.flotalamacarena.com\\\/inicio\\\/\"},{\"@type\":\"ListItem\",\"position\":2,\"name\":\"Festival de Verano Monterrey Casanare 2026 (XXVIII): Programaci\u00f3n y Artistas Confirmados\"}]},{\"@type\":\"WebSite\",\"@id\":\"https:\\\/\\\/www.flotalamacarena.com\\\/inicio\\\/#website\",\"url\":\"https:\\\/\\\/www.flotalamacarena.com\\\/inicio\\\/\",\"name\":\"Flota La Macarena S.A\",\"description\":\"\",\"publisher\":{\"@id\":\"https:\\\/\\\/www.flotalamacarena.com\\\/inicio\\\/#organization\"},\"potentialAction\":[{\"@type\":\"SearchAction\",\"target\":{\"@type\":\"EntryPoint\",\"urlTemplate\":\"https:\\\/\\\/www.flotalamacarena.com\\\/inicio\\\/?s={search_term_string}\"},\"query-input\":{\"@type\":\"PropertyValueSpecification\",\"valueRequired\":true,\"valueName\":\"search_term_string\"}}],\"inLanguage\":\"es-CO\"},{\"@type\":\"Organization\",\"@id\":\"https:\\\/\\\/www.flotalamacarena.com\\\/inicio\\\/#organization\",\"name\":\"Flota La Macarena S.A\",\"url\":\"https:\\\/\\\/www.flotalamacarena.com\\\/inicio\\\/\",\"logo\":{\"@type\":\"ImageObject\",\"inLanguage\":\"es-CO\",\"@id\":\"https:\\\/\\\/www.flotalamacarena.com\\\/inicio\\\/#\\\/schema\\\/logo\\\/image\\\/\",\"url\":\"https:\\\/\\\/www.flotalamacarena.com\\\/wp-content\\\/uploads\\\/2024\\\/03\\\/LOGO_FLM.png\",\"contentUrl\":\"https:\\\/\\\/www.flotalamacarena.com\\\/wp-content\\\/uploads\\\/2024\\\/03\\\/LOGO_FLM.png\",\"width\":450,\"height\":167,\"caption\":\"Flota La Macarena S.A\"},\"image\":{\"@id\":\"https:\\\/\\\/www.flotalamacarena.com\\\/inicio\\\/#\\\/schema\\\/logo\\\/image\\\/\"},\"sameAs\":[\"https:\\\/\\\/www.facebook.com\\\/flota.lamacarenasa\\\/\",\"https:\\\/\\\/x.com\\\/FlotaLaMacarena\",\"https:\\\/\\\/www.youtube.com\\\/@flotalamacarena6335\",\"https:\\\/\\\/www.instagram.com\\\/flota_la_macarena\\\/\",\"https:\\\/\\\/www.linkedin.com\\\/company\\\/flota-la-macarena-s-a\\\/\"]},{\"@type\":\"Person\",\"@id\":\"https:\\\/\\\/www.flotalamacarena.com\\\/inicio\\\/#\\\/schema\\\/person\\\/4c1a42f2560c0abd62779e7bd0868f33\",\"name\":\"Javier Prieto\",\"url\":\"https:\\\/\\\/www.flotalamacarena.com\\\/inicio\\\/author\\\/mastersite\\\/\"}]}<\/script>\n<!-- \/ Yoast SEO plugin. -->","yoast_head_json":{"title":"Programaci\u00f3n Festival de Verano Monterrey Casanare 2026","description":"\u00a1Llega la versi\u00f3n XXVIII del Festival de Verano en Monterrey, Casanare! Del 8 al 11 de enero de 2026 . \u00a1Viaja con nosotros!","robots":{"index":"index","follow":"follow","max-snippet":"max-snippet:-1","max-image-preview":"max-image-preview:large","max-video-preview":"max-video-preview:-1"},"canonical":"https:\/\/www.flotalamacarena.com\/inicio\/festival-de-verano-en-monterrey-casanare\/","og_locale":"es_ES","og_type":"article","og_title":"Festival de Verano Monterrey 2026: \u00a1Jessi Uribe y Mr. Black confirmados!","og_description":"Mira la programaci\u00f3n oficial del 8 al 11 de enero. \ud83e\udd20 Conciertos, playa y coleo en Monterrey, Casanare. \u00a1Viaja seguro con Flota La Macarena! \ud83d\ude8c","og_url":"https:\/\/www.flotalamacarena.com\/inicio\/festival-de-verano-en-monterrey-casanare\/","og_site_name":"Flota La Macarena S.A","article_publisher":"https:\/\/www.facebook.com\/flota.lamacarenasa\/","article_published_time":"2026-01-05T17:09:08+00:00","article_modified_time":"2026-01-05T19:19:21+00:00","og_image":[{"width":680,"height":355,"url":"https:\/\/www.flotalamacarena.com\/wp-content\/uploads\/2026\/01\/Festival-de-Verano-en-Monterrey.webp","type":"image\/webp"}],"author":"Javier Prieto","twitter_card":"summary_large_image","twitter_creator":"@FlotaLaMacarena","twitter_site":"@FlotaLaMacarena","twitter_misc":{"Escrito por":"Javier Prieto","Tiempo de lectura":"1 minuto"},"schema":{"@context":"https:\/\/schema.org","@graph":[{"@type":"Article","@id":"https:\/\/www.flotalamacarena.com\/inicio\/festival-de-verano-en-monterrey-casanare\/#article","isPartOf":{"@id":"https:\/\/www.flotalamacarena.com\/inicio\/festival-de-verano-en-monterrey-casanare\/"},"author":{"name":"Javier Prieto","@id":"https:\/\/www.flotalamacarena.com\/inicio\/#\/schema\/person\/4c1a42f2560c0abd62779e7bd0868f33"},"headline":"Festival de Verano Monterrey Casanare 2026 (XXVIII): Programaci\u00f3n y Artistas Confirmados","datePublished":"2026-01-05T17:09:08+00:00","dateModified":"2026-01-05T19:19:21+00:00","mainEntityOfPage":{"@id":"https:\/\/www.flotalamacarena.com\/inicio\/festival-de-verano-en-monterrey-casanare\/"},"wordCount":11,"publisher":{"@id":"https:\/\/www.flotalamacarena.com\/inicio\/#organization"},"image":{"@id":"https:\/\/www.flotalamacarena.com\/inicio\/festival-de-verano-en-monterrey-casanare\/#primaryimage"},"thumbnailUrl":"https:\/\/www.flotalamacarena.com\/wp-content\/uploads\/2026\/01\/Festival-de-Verano-Monterrey-Casanare-2026.webp","keywords":["Arelys Henao","Aterciopelados","Coleo Monterrey","Eventos en el Llano 2026","Festival de Verano Monterrey 2026","Festival de Verano XXVIII","Fiestas en Casanare","Flota La Macarena","Jessi Uribe","Monterrey Casanare","Mr Black","Pasajes a Monterrey","Rafa P\u00e9rez","R\u00edo T\u00faa","Turismo En Casanare"],"articleSection":["Blog","Ferias y Fiestas","Llanos Orientales","M\u00fasica y Cultura","Noticias","Turismo en Casanare"],"inLanguage":"es-CO"},{"@type":"WebPage","@id":"https:\/\/www.flotalamacarena.com\/inicio\/festival-de-verano-en-monterrey-casanare\/","url":"https:\/\/www.flotalamacarena.com\/inicio\/festival-de-verano-en-monterrey-casanare\/","name":"Programaci\u00f3n Festival de Verano Monterrey Casanare 2026","isPartOf":{"@id":"https:\/\/www.flotalamacarena.com\/inicio\/#website"},"primaryImageOfPage":{"@id":"https:\/\/www.flotalamacarena.com\/inicio\/festival-de-verano-en-monterrey-casanare\/#primaryimage"},"image":{"@id":"https:\/\/www.flotalamacarena.com\/inicio\/festival-de-verano-en-monterrey-casanare\/#primaryimage"},"thumbnailUrl":"https:\/\/www.flotalamacarena.com\/wp-content\/uploads\/2026\/01\/Festival-de-Verano-Monterrey-Casanare-2026.webp","datePublished":"2026-01-05T17:09:08+00:00","dateModified":"2026-01-05T19:19:21+00:00","description":"\u00a1Llega la versi\u00f3n XXVIII del Festival de Verano en Monterrey, Casanare! Del 8 al 11 de enero de 2026 . \u00a1Viaja con nosotros!","breadcrumb":{"@id":"https:\/\/www.flotalamacarena.com\/inicio\/festival-de-verano-en-monterrey-casanare\/#breadcrumb"},"inLanguage":"es-CO","potentialAction":[{"@type":"ReadAction","target":["https:\/\/www.flotalamacarena.com\/inicio\/festival-de-verano-en-monterrey-casanare\/"]}]},{"@type":"ImageObject","inLanguage":"es-CO","@id":"https:\/\/www.flotalamacarena.com\/inicio\/festival-de-verano-en-monterrey-casanare\/#primaryimage","url":"https:\/\/www.flotalamacarena.com\/wp-content\/uploads\/2026\/01\/Festival-de-Verano-Monterrey-Casanare-2026.webp","contentUrl":"https:\/\/www.flotalamacarena.com\/wp-content\/uploads\/2026\/01\/Festival-de-Verano-Monterrey-Casanare-2026.webp","width":450,"height":280},{"@type":"BreadcrumbList","@id":"https:\/\/www.flotalamacarena.com\/inicio\/festival-de-verano-en-monterrey-casanare\/#breadcrumb","itemListElement":[{"@type":"ListItem","position":1,"name":"Inicio","item":"https:\/\/www.flotalamacarena.com\/inicio\/"},{"@type":"ListItem","position":2,"name":"Festival de Verano Monterrey Casanare 2026 (XXVIII): Programaci\u00f3n y Artistas Confirmados"}]},{"@type":"WebSite","@id":"https:\/\/www.flotalamacarena.com\/inicio\/#website","url":"https:\/\/www.flotalamacarena.com\/inicio\/","name":"Flota La Macarena S.A","description":"","publisher":{"@id":"https:\/\/www.flotalamacarena.com\/inicio\/#organization"},"potentialAction":[{"@type":"SearchAction","target":{"@type":"EntryPoint","urlTemplate":"https:\/\/www.flotalamacarena.com\/inicio\/?s={search_term_string}"},"query-input":{"@type":"PropertyValueSpecification","valueRequired":true,"valueName":"search_term_string"}}],"inLanguage":"es-CO"},{"@type":"Organization","@id":"https:\/\/www.flotalamacarena.com\/inicio\/#organization","name":"Flota La Macarena S.A","url":"https:\/\/www.flotalamacarena.com\/inicio\/","logo":{"@type":"ImageObject","inLanguage":"es-CO","@id":"https:\/\/www.flotalamacarena.com\/inicio\/#\/schema\/logo\/image\/","url":"https:\/\/www.flotalamacarena.com\/wp-content\/uploads\/2024\/03\/LOGO_FLM.png","contentUrl":"https:\/\/www.flotalamacarena.com\/wp-content\/uploads\/2024\/03\/LOGO_FLM.png","width":450,"height":167,"caption":"Flota La Macarena S.A"},"image":{"@id":"https:\/\/www.flotalamacarena.com\/inicio\/#\/schema\/logo\/image\/"},"sameAs":["https:\/\/www.facebook.com\/flota.lamacarenasa\/","https:\/\/x.com\/FlotaLaMacarena","https:\/\/www.youtube.com\/@flotalamacarena6335","https:\/\/www.instagram.com\/flota_la_macarena\/","https:\/\/www.linkedin.com\/company\/flota-la-macarena-s-a\/"]},{"@type":"Person","@id":"https:\/\/www.flotalamacarena.com\/inicio\/#\/schema\/person\/4c1a42f2560c0abd62779e7bd0868f33","name":"Javier Prieto","url":"https:\/\/www.flotalamacarena.com\/inicio\/author\/mastersite\/"}]}},"_links":{"self":[{"href":"https:\/\/www.flotalamacarena.com\/inicio\/wp-json\/wp\/v2\/posts\/4592","targetHints":{"allow":["GET"]}}],"collection":[{"href":"https:\/\/www.flotalamacarena.com\/inicio\/wp-json\/wp\/v2\/posts"}],"about":[{"href":"https:\/\/www.flotalamacarena.com\/inicio\/wp-json\/wp\/v2\/types\/post"}],"author":[{"embeddable":true,"href":"https:\/\/www.flotalamacarena.com\/inicio\/wp-json\/wp\/v2\/users\/3"}],"replies":[{"embeddable":true,"href":"https:\/\/www.flotalamacarena.com\/inicio\/wp-json\/wp\/v2\/comments?post=4592"}],"version-history":[{"count":2,"href":"https:\/\/www.flotalamacarena.com\/inicio\/wp-json\/wp\/v2\/posts\/4592\/revisions"}],"predecessor-version":[{"id":8394,"href":"https:\/\/www.flotalamacarena.com\/inicio\/wp-json\/wp\/v2\/posts\/4592\/revisions\/8394"}],"wp:featuredmedia":[{"embeddable":true,"href":"https:\/\/www.flotalamacarena.com\/inicio\/wp-json\/wp\/v2\/media\/8399"}],"wp:attachment":[{"href":"https:\/\/www.flotalamacarena.com\/inicio\/wp-json\/wp\/v2\/media?parent=4592"}],"wp:term":[{"taxonomy":"category","embeddable":true,"href":"https:\/\/www.flotalamacarena.com\/inicio\/wp-json\/wp\/v2\/categories?post=4592"},{"taxonomy":"post_tag","embeddable":true,"href":"https:\/\/www.flotalamacarena.com\/inicio\/wp-json\/wp\/v2\/tags?post=4592"}],"curies":[{"name":"wp","href":"https:\/\/api.w.org\/{rel}","templated":true}]}}